{"id":781,"date":"2013-03-25T20:16:29","date_gmt":"2013-03-25T20:16:29","guid":{"rendered":"http:\/\/www.arca.art\/fr\/?p=781"},"modified":"2015-11-29T22:47:57","modified_gmt":"2015-11-29T22:47:57","slug":"suivi-coalition-canadienne-des-arts-comite-directeur-budget-etc","status":"publish","type":"post","link":"https:\/\/www.arca.art\/fr\/blogue\/suivi-coalition-canadienne-des-arts-comite-directeur-budget-etc\/","title":{"rendered":"Suivi &#8211; Coalition canadienne des arts"},"content":{"rendered":"<p>Bastien Gilbert a quitt\u00e9 le Comit\u00e9 de direction de la <a href=\"http:\/\/www.lacoalitioncanadiennedesarts.com\/\" target=\"_blank\">Coalition canadienne des arts <\/a>o\u00f9 il si\u00e9geait depuis 2009, apr\u00e8s avoir particip\u00e9 \u00e0 la fondation de cet organisme de revendication en 2005. C&#8217;est Lorraine H\u00e9bert, directrice du Regroupement qu\u00e9b\u00e9cois de la danse, qui si\u00e8gera dor\u00e9navant \u00e0 ce comit\u00e9, \u00e0 titre de repr\u00e9sentante du Mouvement pour les arts et les lettres. Signalons que Jennifer Dorner, directrice de l&#8217;IMAA, y occupera \u00e9galement un si\u00e8ge. Les autres membres de ce Comit\u00e9 de direction sont : Katherine Carleton, directrice de Orchestres Canada, qui agit \u00e0 titre de co-pr\u00e9sidente; \u00c9ric Dubeau, directeur g\u00e9n\u00e9ral de la F\u00e9d\u00e9ration culturelle canadienne-fran\u00e7aise, co-pr\u00e9sident de la Coalition; Sarah Iley, directrice des services culturels de la ville de Calgary; Shannon Litzenberger, consultante et chor\u00e9graphe ind\u00e9pendante de Toronto et Melissa Gruber, responsable des communications \u00e0 CARFAC. La Coalition canadienne des arts organise chaque ann\u00e9e une Journ\u00e9e des arts sur la Colline parlementaire \u00e0 Ottawa; cette activit\u00e9 a contribu\u00e9 \u00e0 prot\u00e9ger les budgets du Conseil des arts du Canada.<\/p>\n<p><strong>La prochaine \u00e9dition se tiendra le 22 octobre prochain.<\/strong><\/p>\n<p>Pour un survol du <strong>budget f\u00e9d\u00e9ral 2013<\/strong>, voir le communiqu\u00e9 de la coalition <a href=\"http:\/\/www.lacoalitioncanadiennedesarts.com\/archives\/716\" target=\"_blank\">ici<\/a>.<\/p>\n","protected":false},"excerpt":{"rendered":"<p>Bastien Gilbert a quitt\u00e9 le Comit\u00e9 de direction de la <a href=\"http:\/\/www.lacoalitioncanadiennedesarts.com\/\" target=\"_blank\">Coalition canadienne des arts <\/a> o\u00f9 il si\u00e9geait depuis 2009, apr\u00e8s avoir particip\u00e9 \u00e0 la fondation de cet organisme de revendication en 2005. C&#8217;est Lorraine H\u00e9bert, directrice du Regroupement qu\u00e9b\u00e9cois de la danse, qui si\u00e8gera dor\u00e9navant \u00e0 ce comit\u00e9, \u00e0 titre de repr\u00e9sentante du Mouvement pour les arts et les <a href=\"https:\/\/www.arca.art\/fr\/blogue\/suivi-coalition-canadienne-des-arts-comite-directeur-budget-etc\/\" title=\"Read Suivi &#8211; Coalition canadienne des arts\">&raquo;&raquo;<\/a><\/p>\n","protected":false},"author":2,"featured_media":0,"comment_status":"open","ping_status":"open","sticky":false,"template":"","format":"standard","meta":{"ngg_post_thumbnail":0,"footnotes":""},"categories":[23,14],"tags":[34],"class_list":["post-781","post","type-post","status-publish","format-standard","hentry","category-nouvelles","category-blogue","tag-la-coalition-canadienne-des-arts"],"_links":{"self":[{"href":"https:\/\/www.arca.art\/fr\/wp-json\/wp\/v2\/posts\/781","targetHints":{"allow":["GET"]}}],"collection":[{"href":"https:\/\/www.arca.art\/fr\/wp-json\/wp\/v2\/posts"}],"about":[{"href":"https:\/\/www.arca.art\/fr\/wp-json\/wp\/v2\/types\/post"}],"author":[{"embeddable":true,"href":"https:\/\/www.arca.art\/fr\/wp-json\/wp\/v2\/users\/2"}],"replies":[{"embeddable":true,"href":"https:\/\/www.arca.art\/fr\/wp-json\/wp\/v2\/comments?post=781"}],"version-history":[{"count":4,"href":"https:\/\/www.arca.art\/fr\/wp-json\/wp\/v2\/posts\/781\/revisions"}],"predecessor-version":[{"id":1531,"href":"https:\/\/www.arca.art\/fr\/wp-json\/wp\/v2\/posts\/781\/revisions\/1531"}],"wp:attachment":[{"href":"https:\/\/www.arca.art\/fr\/wp-json\/wp\/v2\/media?parent=781"}],"wp:term":[{"taxonomy":"category","embeddable":true,"href":"https:\/\/www.arca.art\/fr\/wp-json\/wp\/v2\/categories?post=781"},{"taxonomy":"post_tag","embeddable":true,"href":"https:\/\/www.arca.art\/fr\/wp-json\/wp\/v2\/tags?post=781"}],"curies":[{"name":"wp","href":"https:\/\/api.w.org\/{rel}","templated":true}]}}