{"id":680,"date":"2013-01-21T19:21:13","date_gmt":"2013-01-21T19:21:13","guid":{"rendered":"http:\/\/www.arca.art\/fr\/?p=680"},"modified":"2019-09-06T19:12:38","modified_gmt":"2019-09-06T19:12:38","slug":"la-grille-tarifaire-de-la-carfac-pour-2013","status":"publish","type":"post","link":"https:\/\/www.arca.art\/fr\/ressources\/la-grille-tarifaire-de-la-carfac-pour-2013\/","title":{"rendered":"La grille tarifaire de la CARFAC pour 2013-2015"},"content":{"rendered":"<div id=\"attachment_687\" style=\"width: 310px\" class=\"wp-caption alignnone\"><a href=\"\/fr\/files\/image_gallery_yyz-e1358795404824.jpg\"><img loading=\"lazy\" decoding=\"async\" aria-describedby=\"caption-attachment-687\" class=\"size-medium wp-image-687\" title=\"image_gallery_yyz\" src=\"\/fr\/files\/image_gallery_yyz-300x199.jpg\" alt=\"\" width=\"300\" height=\"199\"><\/a><p id=\"caption-attachment-687\" class=\"wp-caption-text\">Dax Morrison, The Willing and Able, YYZ, 2009<\/p><\/div>\n<p>L\u2019ARCA a r\u00e9cemment accept\u00e9, de concert avec les associations mus\u00e9ales (AMC et ODMAC), de prolonger <a href=\"http:\/\/www.carcc.ca\/feeschedulesFR2012.html\" target=\"_blank\" rel=\"noopener noreferrer\">la grille tarifaire <\/a>des droits d\u2019exposition recommand\u00e9e par la CARFAC pour une p\u00e9riode de trois ans, et ce, avec des augmentations annuelles de 3%, pour un total cumul\u00e9 de 9,27%.<\/p>\n<p>Bien que le membership de l\u2019ARCA soit en accord avec le principe de verser des droits d\u2019exposition aux artistes et que ces droits soient index\u00e9s annuellement, il reconna\u00eet aussi que les centres d\u2019artistes ne pourront pas tous respecter, ni assumer ces augmentations. Le bar\u00e8me qui \u00e9tablit pr\u00e9sentement la tarification en deux cat\u00e9gories, en de\u00e7\u00e0 ou au-del\u00e0 d\u2019un budget de 500 000&nbsp;$, ne refl\u00e8te pas la r\u00e9alit\u00e9 budg\u00e9taire moyenne des centres qui est bien inf\u00e9rieure \u00e0 ce montant mitoyen. L\u2019ARCA craint aussi que les discussions continuelles portant sur les droits d\u2019exposition ne soient interpr\u00e9t\u00e9es par le gouvernement actuel comme faisant partie des repr\u00e9sentations de groupes d\u2019int\u00e9r\u00eats sp\u00e9cifiques, alors que le versement des droits constitue une condition au financement des centres d\u2019artistes, m\u00eame si ce financement demeure stagnant. L\u2019ARCA accepte donc de soutenir les augmentations annuelles selon la grille de calcul suivante, tout en d\u00e9plorant que le versement de droits conformes \u00e0 cette grille pourrait contribuer, au final, \u00e0 soutenir moins d\u2019artistes :<\/p>\n<ul>\n<li>1 688&nbsp;$ (2012)<\/li>\n<li>1 688&nbsp;$ + 3% (50,64&nbsp;$) = 1 739 $ (2013)<\/li>\n<li>1&nbsp;739 $ + 3% (52,16&nbsp;$) = 1 790 $ (2014)<\/li>\n<li>1&nbsp;790 $ + 3% (53,72&nbsp;$) = 1&nbsp;845 $ (2015)<\/li>\n<\/ul>\n<p>L\u2019ARCA continuera de promouvoir l\u2019inclusion de droits pour la performance au sein de l\u2019entente car une telle reconnaissance contribuerait \u00e0 \u00e9tablir le statut professionnel des artistes de la performance. L\u2019ARCA souhaite maintenir un partenariat sain avec la CARFAC\/RAAV et les associations mus\u00e9ales, puisque nous sommes des alli\u00e9s naturels dans la promotion du d\u00e9veloppement \u00e9conomique des artistes.<\/p>\n","protected":false},"excerpt":{"rendered":"<p>L\u2019ARCA a r\u00e9cemment accept\u00e9, de concert avec les associations mus\u00e9ales (AMC et ODMAC), de prolonger <a href=\"http:\/\/www.carcc.ca\/feeschedulesFR2012.html\" target=\"_blank\" rel=\"noopener noreferrer\">la grille tarifaire <\/a> des droits d\u2019exposition recommand\u00e9e par la CARFAC pour une p\u00e9riode de trois ans, et ce, avec des augmentations annuelles de 3%, pour un total cumul\u00e9 de 9,27%. Bien que le membership de l\u2019ARCA soit en accord avec le principe de <a href=\"https:\/\/www.arca.art\/fr\/ressources\/la-grille-tarifaire-de-la-carfac-pour-2013\/\" title=\"Read La grille tarifaire de la CARFAC pour 2013-2015\">&raquo;&raquo;<\/a><\/p>\n","protected":false},"author":2,"featured_media":687,"comment_status":"open","ping_status":"open","sticky":false,"template":"","format":"standard","meta":{"ngg_post_thumbnail":0,"footnotes":""},"categories":[23,9,5],"tags":[42],"class_list":["post-680","post","type-post","status-publish","format-standard","has-post-thumbnail","hentry","category-nouvelles","category-communiques-presse","category-ressources","tag-carfac"],"_links":{"self":[{"href":"https:\/\/www.arca.art\/fr\/wp-json\/wp\/v2\/posts\/680","targetHints":{"allow":["GET"]}}],"collection":[{"href":"https:\/\/www.arca.art\/fr\/wp-json\/wp\/v2\/posts"}],"about":[{"href":"https:\/\/www.arca.art\/fr\/wp-json\/wp\/v2\/types\/post"}],"author":[{"embeddable":true,"href":"https:\/\/www.arca.art\/fr\/wp-json\/wp\/v2\/users\/2"}],"replies":[{"embeddable":true,"href":"https:\/\/www.arca.art\/fr\/wp-json\/wp\/v2\/comments?post=680"}],"version-history":[{"count":14,"href":"https:\/\/www.arca.art\/fr\/wp-json\/wp\/v2\/posts\/680\/revisions"}],"predecessor-version":[{"id":2147,"href":"https:\/\/www.arca.art\/fr\/wp-json\/wp\/v2\/posts\/680\/revisions\/2147"}],"wp:featuredmedia":[{"embeddable":true,"href":"https:\/\/www.arca.art\/fr\/wp-json\/wp\/v2\/media\/687"}],"wp:attachment":[{"href":"https:\/\/www.arca.art\/fr\/wp-json\/wp\/v2\/media?parent=680"}],"wp:term":[{"taxonomy":"category","embeddable":true,"href":"https:\/\/www.arca.art\/fr\/wp-json\/wp\/v2\/categories?post=680"},{"taxonomy":"post_tag","embeddable":true,"href":"https:\/\/www.arca.art\/fr\/wp-json\/wp\/v2\/tags?post=680"}],"curies":[{"name":"wp","href":"https:\/\/api.w.org\/{rel}","templated":true}]}}