{"id":2524,"date":"2020-04-09T20:23:28","date_gmt":"2020-04-09T20:23:28","guid":{"rendered":"http:\/\/www.arca.art\/fr\/?p=2524"},"modified":"2020-04-09T20:27:27","modified_gmt":"2020-04-09T20:27:27","slug":"covid-19-x-hebdo-02","status":"publish","type":"post","link":"https:\/\/www.arca.art\/fr\/vedette\/covid-19-x-hebdo-02\/","title":{"rendered":"COVID-19 x Hebdo \/02"},"content":{"rendered":"<div><a href=\"http:\/\/www.arca.art\/fr\/files\/00-ARC-EN-CIEL.jpg\"><img loading=\"lazy\" decoding=\"async\" class=\"size-medium wp-image-2525 alignleft\" src=\"http:\/\/www.arca.art\/fr\/files\/00-ARC-EN-CIEL-300x161.jpg\" alt=\"\" width=\"300\" height=\"161\" \/><\/a><\/div>\n<p>&nbsp;<\/p>\n<h1><\/h1>\n<h1><\/h1>\n<h1><\/h1>\n<h1>Weekly x COVID-19 x Hebdo<\/h1>\n<p>&nbsp;<\/p>\n<p><strong>Le 8 avril,\u00a0la Coalition canadienne des arts<\/strong>\u00a0<strong>a partag\u00e9 ce message du Canada<\/strong>\u00a0<strong>du Cabinet du ministre du Patrimoine canadien au sujet de la Subvention salariale d\u2019urgence.\u00a0<\/strong><\/p>\n<ul>\n<li>les entreprises\/organisations peuvent utiliser les mois de janvier et f\u00e9vrier comme points de r\u00e9f\u00e9rence pour la baisse des revenus;<\/li>\n<li>pour le mois de mars, elles doivent d\u00e9montrer une baisse de 15 % des revenus au lieu de 30 %;<\/li>\n<li>les organisations \u00e0 but non lucratif et les organisations caritatives ont la possibilit\u00e9 d&#8217;inclure ou d&#8217;exclure le financement public dans le calcul de leur perte de revenus;<\/li>\n<li>la subvention salariale est r\u00e9troactive au 15 mars 2020.<\/li>\n<\/ul>\n<p>L\u2019adoption de ces mesures d\u00e9pend des n\u00e9gociations qui auront lieu entre le gouvernement et les partis d&#8217;opposition sur le projet de loi, et ce, d&#8217;ici quelques semaines.<\/p>\n<p>&nbsp;<\/p>\n<p><strong>Assembl\u00e9e des membres en ligne<\/strong><\/p>\n<p>Comme beaucoup d\u2019organismes ont des exercices financiers qui prennent fin le 31 mars, et qu\u2019on ne peut pr\u00e9voir la dur\u00e9e de la p\u00e9riode de confinement, vous devrez peut-\u00eatre pr\u00e9voir la tenue de votre assembl\u00e9e des membres en ligne, d\u00e9sormais rendue possible depuis les modifications propos\u00e9es pour faciliter la prise de d\u00e9cisions \u00e0 distance dans les organismes sans but lucratif du Qu\u00e9bec et du Canada. Le billet suivant, produit par le COCO, d\u00e9crit assez bien la d\u00e9marche pour tenir une AG en ligne dans le respect de la Loi sur les compagnies du Qu\u00e9bec ou de la Loi canadienne sur les organisations \u00e0 but non lucratif. On recommande surtout de faire une petite pratique au pr\u00e9alable pour v\u00e9rifier les d\u00e9tails techniques quant aux droits de vote, et \u00e9lections au Conseil d\u2019administration par vote \u00e9lectronique.<br \/>\n<a href=\"https:\/\/coco-net.org\/assemblee-generale-virtuelle\/?lang=fr\" target=\"_blank\" rel=\"noopener noreferrer\">https:\/\/coco-net.org\/assemblee-generale-virtuelle\/?lang=fr<\/a><\/p>\n<p>&nbsp;<\/p>\n<p><strong>Plan de contingence<\/strong><\/p>\n<p>En cette p\u00e9riode de pand\u00e9mie, les organismes voudront peut-\u00eatre saisir cette opportunit\u00e9 pour mettre en place un plan de contingence en cas d\u2019absence temporaire du personnel cl\u00e9 pour cause de maladie, entre autres risques. Le COCO a produit cette ressource qui propose quelques pistes de r\u00e9flexion sur cet \u00e9l\u00e9ment essentiel d\u2019une saine gouvernance.<br \/>\n<a href=\"https:\/\/coco-net.org\/les-bases-de-la-planification-durgence-pour-les-organismes-communautaires\/?lang=fr\" target=\"_blank\" rel=\"noopener noreferrer\">https:\/\/coco-net.org\/les-bases-de-la-planification-durgence-pour-les-organismes-communautaires\/?lang=fr<\/a><\/p>\n<p>&nbsp;<\/p>\n<div>\n<p><strong>Liens utiles \/ Conseil des arts du Canada<\/strong><\/p>\n<p><a href=\"https:\/\/conseildesarts.ca\/information-covid-19\" target=\"_blank\" rel=\"noopener noreferrer\">https:\/\/conseildesarts.ca\/information-covid-19<\/a><br \/>\n<a href=\"https:\/\/canadacouncil.ca\/covid-19-information#CoreFunded\" target=\"_blank\" rel=\"noopener noreferrer\">https:\/\/canadacouncil.ca\/covid-19-information#CoreFunded<\/a><\/p>\n<p><strong>Bookkeeping Tips From Young &amp;\u00a0Associates \/<br \/>\nAstuces comptables de la part de Young &amp; Associ\u00e9s<\/strong><\/p>\n<p><strong>Evaluating COVID-19 Impact \u2013 Approaches to Quantifying Losses<\/strong><br \/>\nhttp:\/\/www.arca.art\/en\/files\/Evaluating-COVID-Impact-Approaches-to-Quantifying-Losses.pdf<\/p>\n<p><strong>Evaluating COVID-19 Impact \u2013 Effective Bookkeeping Practices<\/strong><br \/>\nhttp:\/\/www.arca.art\/en\/files\/Evaluating-COVID-Impact-Effective-Bookkeeping-Practices.pdf<\/p>\n<p><strong>Tips for Working Remotely \u2013 Accounting Processes &amp; Documentation<\/strong><br \/>\nhttp:\/\/www.arca.art\/en\/files\/Tips-for-Working-Remotely-Accounting-Processes-Documentation.pdf<\/p>\n<p><strong>Tips for Working Remotely \u2013 Managing Payables<\/strong><br \/>\nhttp:\/\/www.arca.art\/en\/files\/Tips-for-Working-Remotely-Managing-Payables.pdf<\/p>\n<\/div>\n","protected":false},"excerpt":{"rendered":"<p><a href=\"http:\/\/www.arca.art\/fr\/files\/00-ARC-EN-CIEL.jpg\"><\/a> &nbsp; Weekly x COVID-19 x Hebdo &nbsp; Le 8 avril,\u00a0la Coalition canadienne des arts\u00a0a partag\u00e9 ce message du Canada\u00a0du Cabinet du ministre du Patrimoine canadien au sujet de la Subvention salariale d\u2019urgence.\u00a0 les entreprises\/organisations peuvent utiliser les mois de janvier et f\u00e9vrier comme points de r\u00e9f\u00e9rence pour la baisse des revenus; pour le mois de <a href=\"https:\/\/www.arca.art\/fr\/vedette\/covid-19-x-hebdo-02\/\" title=\"Read COVID-19 x Hebdo \/02\">&raquo;&raquo;<\/a><\/p>\n","protected":false},"author":2,"featured_media":2525,"comment_status":"open","ping_status":"open","sticky":false,"template":"","format":"standard","meta":{"ngg_post_thumbnail":0,"footnotes":""},"categories":[23,58,4],"tags":[100,102,34,64,89],"class_list":["post-2524","post","type-post","status-publish","format-standard","has-post-thumbnail","hentry","category-nouvelles","category-bulletin","category-vedette","tag-conseil-des-arts-du-canada","tag-covid19","tag-la-coalition-canadienne-des-arts","tag-numerique","tag-patrimoine-canadien"],"_links":{"self":[{"href":"https:\/\/www.arca.art\/fr\/wp-json\/wp\/v2\/posts\/2524","targetHints":{"allow":["GET"]}}],"collection":[{"href":"https:\/\/www.arca.art\/fr\/wp-json\/wp\/v2\/posts"}],"about":[{"href":"https:\/\/www.arca.art\/fr\/wp-json\/wp\/v2\/types\/post"}],"author":[{"embeddable":true,"href":"https:\/\/www.arca.art\/fr\/wp-json\/wp\/v2\/users\/2"}],"replies":[{"embeddable":true,"href":"https:\/\/www.arca.art\/fr\/wp-json\/wp\/v2\/comments?post=2524"}],"version-history":[{"count":9,"href":"https:\/\/www.arca.art\/fr\/wp-json\/wp\/v2\/posts\/2524\/revisions"}],"predecessor-version":[{"id":2534,"href":"https:\/\/www.arca.art\/fr\/wp-json\/wp\/v2\/posts\/2524\/revisions\/2534"}],"wp:featuredmedia":[{"embeddable":true,"href":"https:\/\/www.arca.art\/fr\/wp-json\/wp\/v2\/media\/2525"}],"wp:attachment":[{"href":"https:\/\/www.arca.art\/fr\/wp-json\/wp\/v2\/media?parent=2524"}],"wp:term":[{"taxonomy":"category","embeddable":true,"href":"https:\/\/www.arca.art\/fr\/wp-json\/wp\/v2\/categories?post=2524"},{"taxonomy":"post_tag","embeddable":true,"href":"https:\/\/www.arca.art\/fr\/wp-json\/wp\/v2\/tags?post=2524"}],"curies":[{"name":"wp","href":"https:\/\/api.w.org\/{rel}","templated":true}]}}