{"id":2466,"date":"2020-02-20T14:00:09","date_gmt":"2020-02-20T14:00:09","guid":{"rendered":"http:\/\/www.arca.art\/fr\/?p=2466"},"modified":"2020-03-31T20:04:43","modified_gmt":"2020-03-31T20:04:43","slug":"larca-dans-la-poche-30","status":"publish","type":"post","link":"https:\/\/www.arca.art\/fr\/nouvelles\/larca-dans-la-poche-30\/","title":{"rendered":"l\u2019arca dans la poche \u2014 # 30"},"content":{"rendered":"<p><a href=\"http:\/\/www.arca.art\/fr\/files\/Vignette-gabarit-30.png\"><img loading=\"lazy\" decoding=\"async\" class=\"size-full wp-image-2468 alignleft\" src=\"http:\/\/www.arca.art\/fr\/files\/Vignette-gabarit-30.png\" alt=\"\" width=\"320\" height=\"160\" srcset=\"https:\/\/www.arca.art\/fr\/files\/Vignette-gabarit-30.png 320w, https:\/\/www.arca.art\/fr\/files\/Vignette-gabarit-30-150x75.png 150w, https:\/\/www.arca.art\/fr\/files\/Vignette-gabarit-30-300x150.png 300w\" sizes=\"auto, (max-width: 320px) 100vw, 320px\" \/><\/a>Le 20 f\u00e9vrier 2020 \u2014 ARCA vient d\u2019amorcer la 3e phase de son projet\u00a0<em>(pas) juste une question d\u2019argent\u00a0<\/em>qui vise \u00e0 soutenir les efforts de diversification des revenus au moyen d\u2019outils de gestion et de promotion, dont une s\u00e9rie de capsules vid\u00e9o. Nous avons besoin de vous pour recueillir du mat\u00e9riel documentaire qui met en valeur les services courants offerts dans vos centres.<\/p>\n<p>&nbsp;<\/p>\n<p>&nbsp;<\/p>\n<p>&nbsp;<\/p>\n<p>&nbsp;<\/p>\n<p>&nbsp;<\/p>\n<ul>\n<li><strong>\u00c0 LA UNE.<br \/>\n<\/strong><\/li>\n<\/ul>\n<p><strong>L\u2019ARCA SOLLICITE VOTRE AIDE!<br \/>\n<\/strong><\/p>\n<p>ARCA vient d\u2019amorcer la 3e phase de son projet\u00a0<em>(pas) juste une question d\u2019argent\u00a0<\/em>qui vise \u00e0 soutenir les efforts de diversification des revenus au moyen d\u2019outils de gestion et de promotion, dont une s\u00e9rie de capsules vid\u00e9o. Cette s\u00e9rie de vid\u00e9os est con\u00e7ue comme un instrument de m\u00e9diation au service des gestionnaires des CAA en qu\u00eate de commandites, par exemple, ou, simplement, pour faire conna\u00eetre leurs services aux \u00e9tudiants et professionnels de la rel\u00e8ve. Bien que la notion de service puisse sonner moins inspirante \u00e0 nos oreilles, elle demeure intrins\u00e8que au r\u00f4le des centres d\u2019artistes autog\u00e9r\u00e9s n\u00e9s sous l\u2019impulsion d\u2019artistes qui s\u2019organisent pour se doter de lieux, d\u2019\u00e9quipements et d\u2019espace d\u2019\u00e9change d\u2019information et de r\u00e9seautage.<\/p>\n<p>Nous avons besoin de vous pour recueillir du mat\u00e9riel documentaire qui met en valeur les services courants offerts dans vos centres\u00a0: soutien \u00e0 la cr\u00e9ation (r\u00e9sidences, ateliers d\u2019artistes, ateliers de production), \u00e0 la diffusion (espaces de diffusion formels ou informels, ou dans l\u2019espace public), \u00e0 la m\u00e9diation (visites, entrevues, causeries et ateliers en pr\u00e9sence des artistes), \u00e0 la vie d\u00e9mocratique (rencontre de comit\u00e9s, assembl\u00e9es, lacs \u00e0 l\u2019\u00e9paule, f\u00eates et activit\u00e9s sp\u00e9ciales des membres). Nous ferons l\u2019impossible pour raconter une histoire plausible qui vous ressemble sans \u00eatre votre portrait exact (comment pourrions-nous, consid\u00e9rant qu\u2019il existe pr\u00e8s de 180 centres!).<\/p>\n<p>On se rappellera qu\u2019en octobre 2018, l\u2019ARCA a obtenu un soutien financier de 143\u00a0534 $ du volet Initiatives strat\u00e9giques du Fonds du Canada pour l\u2019investissement en culture pour nous aider, ainsi que nos membres, \u00e0 \u00e9valuer et \u00e0 mieux rendre compte des investissements publics en culture aupr\u00e8s des bailleurs de fonds, des b\u00e9n\u00e9ficiaires, des donateurs, des commanditaires et des autres parties prenantes.<\/p>\n<p>Si vous avez du mat\u00e9riel que vous aimeriez partager, merci de communiquer avec Benjamin J. Allard, charg\u00e9 de projet \u00e0 benjamin(at)arca(point)art.<\/p>\n<p><strong>\u00a0<\/strong><\/p>\n<ul>\n<li><strong>LA LITT\u00c9RATIE NUM\u00c9RIQUE EN SIX MICRO-BOUCH\u00c9ES.<\/strong><\/li>\n<\/ul>\n<p>Les donn\u00e9es ouvertes\u2013Nous avons effleur\u00e9 le concept des donn\u00e9es li\u00e9es dans le cadre de notre r\u00e9flexion sur\u00a0<a href=\"http:\/\/www.arca.art\/fr\/ressources\/les-leviers-de-la-decouvrabilite\/\">les divers leviers de la d\u00e9couvrabilit\u00e9<\/a>. Pour cette troisi\u00e8me rubrique, nous \u00e9tudierons plus en profondeur l\u2019id\u00e9e d\u2019ouvrir l\u2019acc\u00e8s aux donn\u00e9es. Il s\u2019agit d\u2019un concept qui gagne en importance dans les milieux gouvernementaux et universitaires, alors que sont formul\u00e9es de nouvelles exigences en lien avec la transparence au sein des gouvernements (voir le\u00a0<a href=\"https:\/\/ouvert.canada.ca\/fr\/donnees-ouvertes\">portail du gouvernement canadien<\/a>) et l\u2019accessibilit\u00e9 des r\u00e9sultats de la recherche financ\u00e9e par des fonds publics. Qu\u2019est-ce que cela implique? Qu\u2019est-ce que les donn\u00e9es ouvertes permettent aux centres d\u2019artistes autog\u00e9r\u00e9s d\u2019accomplir? Consultez le billet pr\u00e9par\u00e9 par Isabelle L&#8217;Heureux ici: <a href=\"http:\/\/www.arca.art\/fr\/vedette\/les-donnees-ouvertes\/\">http:\/\/www.arca.art\/fr\/vedette\/les-donnees-ouvertes\/<\/a><\/p>\n<p>&nbsp;<\/p>\n<ul>\n<li><strong>ACTUALIT\u00c9S.<\/strong><\/li>\n<\/ul>\n<p><strong>L\u2019AAV se concerte avec l\u2019appui de Nicole Doucet<\/strong><\/p>\n<p>L\u2019Alliance des arts visuels (AAV) est fi\u00e8re d\u2019annoncer qu\u2019elle a retenu les services de la consultante et lobbyiste Nicole Doucet pour accompagner ses membres dans l\u2019\u00e9laboration d\u2019une strat\u00e9gie de repr\u00e9sentation concert\u00e9e pour l\u2019ensemble du secteur des arts visuels, m\u00e9diatiques et des m\u00e9tiers d\u2019art. Une premi\u00e8re rencontre de d\u00e9blayage tenue \u00e0 Ottawa le 4 f\u00e9vrier dernier a permis de faire le point sur l\u2019\u00e9volution des enjeux partag\u00e9s, et ce, depuis la fondation de l\u2019AAV en 2007. Parmi ces enjeux on retrouve toujours et encore ceux li\u00e9s au financement et \u00e0 la pr\u00e9carit\u00e9 constante des artistes et des travailleurs et travailleuses culturel.le.s, auxquels s\u2019ajoutent les d\u00e9marches qui visent \u00e0 promouvoir l\u2019\u00e9quit\u00e9, la r\u00e9conciliation avec les peuples des Premi\u00e8res Nations, les M\u00e9tis et les Inuits, le rayonnement des artistes \u00e0 l\u2019international et l\u2019impact du num\u00e9rique sur notre secteur.<\/p>\n<p>L\u2019Alliance n\u2019est pas une organisation ou une institution formelle. Elle fonctionne comme une table de concertation repr\u00e9sentant les int\u00e9r\u00eats du milieu des arts visuels.<\/p>\n<p><strong>_____<\/strong><\/p>\n<p><strong>INVISIBLES: Changer la culture de la repr\u00e9sentation des artistes contemporains dans les m\u00e9dias de masse<\/strong><\/p>\n<p>D\u00e9plorant l\u2019absence de couverture de l\u2019art contemporain dans les m\u00e9dias, Christian Messier, artiste et \u00e9diteur de la revue en ligne Punctum, se donne pour mission de mettre en valeur les artistes qu\u00e9b\u00e9cois sous-repr\u00e9sent\u00e9.e.s dans les m\u00e9dias. Il commence avec 366 jours\/366 artistes, une initiative qui consiste \u00e0 publier quotidiennement le travail d\u2019un artiste qu\u00e9b\u00e9cois sur sa page\u00a0<a href=\"https:\/\/www.facebook.com\/invisiblesartistesvisuels\/\">Facebook<\/a>. Le projet a d\u00e9j\u00e0 g\u00e9n\u00e9r\u00e9 une p\u00e9tition, et sera port\u00e9 et pens\u00e9 par plusieurs acteurs du milieu de l\u2019art contemporain. \u200bPour en savoir plus, visitez\u00a0<a href=\"https:\/\/www.invisibles-artsvisuels.com\/\">https:\/\/www.invisibles-artsvisuels.com\/<\/a><\/p>\n<p><strong>_____<\/strong><\/p>\n<p><strong>Cadre d\u2019impact qualitatif<\/strong><\/p>\n<p>En d\u00e9cembre dernier, le Conseil des arts du Canada a publi\u00e9 son Cadre d\u2019impact qualitatif, un rapport destin\u00e9 \u00e0 fournir des lignes directrices pour mesurer l\u2019impact des investissements de fonds publics dans les arts. Plus pr\u00e8s de chez nous, le cadre d\u2019impact vise entre autres \u00e0 aider les artistes et les organismes \u00e0 produire leur rapport d\u2019impact, nouvelle exigence impos\u00e9e aux organismes soutenus par un financement de base du Conseil des arts du Canada. Le cadre permettrait de mieux comprendre et exprimer l\u2019impact de leur travail sur les pratiques artistiques, voire sur l\u2019indice r\u00e9putationnel des artistes et des organismes, ici et ailleurs. On \u00e9valuera, entre autres, l\u2019effet du financement sur la programmation et sur la planification \u00e0 long terme. Est-ce que le financement re\u00e7u du CAC aura permis de lever d\u2019autres sources de financement? D\u2019engager de nouveaux partenariats? Les centres voudront peut-\u00eatre aussi songer \u00e0 l\u2019impact du financement par projet par rapport au financement de base pluriannuel sur les ressources humaines et les conditions d\u2019emploi, tandis que l\u2019ARCA, entre autres, \u00e9valuera l\u2019impact des nouveaux crit\u00e8res de financement sur son fonctionnement. Les auteurs du rapport affirment que le cadre ne sera pas utilis\u00e9 pour \u00e9valuer le travail des artistes ou organismes b\u00e9n\u00e9ficiaires de subventions ni pour influencer les d\u00e9cisions des comit\u00e9s d\u2019\u00e9valuation par les pairs.<\/p>\n<p>Lire le rapport\u00a0<a href=\"https:\/\/conseildesarts.ca\/recherche\/repertoire-des-recherches\/2019\/12\/qualitative-impact-framework?_ga=2.35482209.1144999772.1581306277-280223487.1581306277\">ici<\/a>.<\/p>\n<p>&nbsp;<\/p>\n<ul>\n<li><strong>NOUVELLES DES MEMBRES.<\/strong><\/li>\n<\/ul>\n<p><strong>Catherine Bodmer : nouvelle directrice g\u00e9n\u00e9rale adjointe<\/strong><\/p>\n<p>Le conseil d\u2019administration et le directeur g\u00e9n\u00e9ral du RCAAQ ont le plaisir d\u2019annoncer la nomination de Catherine Bodmer \u00e0 titre de directrice g\u00e9n\u00e9rale adjointe. Catherine agira en \u00e9troite collaboration avec Bastien Gilbert, \u00e0 la direction g\u00e9n\u00e9rale, et Lucie Bureau, au soutien administratif.<\/p>\n<p>F\u00e9licitations \u00e0 Catherine Bodmer pour cette promotion au sein du RCAAQ qui la remercie d\u2019avoir accept\u00e9 ce nouveau mandat.<\/p>\n<p>_____<\/p>\n<p><strong>F\u00e9licitations aux nouveaux membres du Conseil d\u2019administration de l\u2019ARCCO!\u00a0<\/strong><\/p>\n<p>Les membres de l\u2019Artist-Run Centres and Collectives of Ontario (ARCCO) ont convoqu\u00e9 une assembl\u00e9e g\u00e9n\u00e9rale extraordinaire le mardi 18 f\u00e9vrier 2020 pour nommer un nouveau conseil d&#8217;administration d\u2019ici \u00e0 la tenue d\u2019une assembl\u00e9e des membres statutaire pr\u00e9vue plus tard ce printemps. Apr\u00e8s de nombreux changements dans l&#8217;organisme au cours des derni\u00e8res ann\u00e9es et le d\u00e9part de nombreux membres du Conseil d\u2019administration, cette r\u00e9union a r\u00e9pondu \u00e0 un besoin urgent de former un conseil pour assurer la continuit\u00e9 des services de l&#8217;ARCCO et de son financement. La r\u00e9union constitue un moment de renouveau pour l&#8217;organisme, tout en conservant le soutien de nombreux membres de longue date, dont le soutien des associations provinciales et identitaires, membres de l\u2019ARCA. Le nouveau conseil d&#8217;administration est compos\u00e9 de repr\u00e9sentant(e)s de centres d&#8217;artistes autog\u00e9r\u00e9s de l\u2019ensemble des r\u00e9gions de l\u2019Ontario :<\/p>\n<p>Jonathan Middleton, Art Metropole (Toronto), Pr\u00e9sident<br \/>\nTam-Ca Vo-Van, la galerie SAW (Ottawa) Vice-Pr\u00e9sidente<br \/>\nMatthew Kyba, Forest City Gallery (London) &#8211; Secr\u00e9taire<br \/>\nDermot Wilson, Nipissing Region Curatorial Collective (North Bay) &#8211; Tr\u00e9sorier<br \/>\nLucas Cabral, Artcite (Windsor) &#8211; Administrateur<br \/>\nAnne Sophie Grenier, Modern Fuel (Kingston) &#8211; Administratrice<br \/>\nPaul Walty, Le Labo (Toronto) &#8211; Administrateur<\/p>\n<p><strong>\u00a0<\/strong><\/p>\n<ul>\n<li><strong>L&#8217;ARCA A 15 ANS.<\/strong><\/li>\n<\/ul>\n<p>Quinze and plus tard<\/p>\n<p>par Edwin Janzen<\/p>\n<p>&nbsp;<\/p>\n<p>\u00c0 la veille du quinzi\u00e8me anniversaire de notre association, l\u2019\u00e9quipe de l\u2019ARCA a d\u00e9ball\u00e9 quelques bo\u00eetes et fait un petit retour dans le temps jusqu\u2019\u00e0 ses origines\u00a0\u2013 des notes, des courriels et des proc\u00e8s-verbaux. Une d\u00e9cennie et demie plus tard, ce que nous avons trouv\u00e9 \u00e9tait \u00e0 la fois diff\u00e9rent de l\u2019ARCA d\u2019aujourd\u2019hui, mais aussi bien familier.<\/p>\n<p>&gt; \u00e0 lire : <a href=\"http:\/\/www.arca.art\/fr\/nouvelles\/larca-a-15-ans\/\">http:\/\/www.arca.art\/fr\/nouvelles\/larca-a-15-ans\/<\/a><\/p>\n<p>&nbsp;<\/p>\n<ul>\n<li><strong>APPELS.<\/strong><\/li>\n<\/ul>\n<p>* Make sure to also pop in to our regularly updated\u00a0<a href=\"http:\/\/directory.arca.art\/\">Directory<\/a>\u00a0for the latest calls for submissions from artist-run centres.<br \/>\n* Consultez aussi\u00a0<a href=\"http:\/\/directory.arca.art\/fr\">Le R\u00e9pertoire<\/a>\u00a0en ligne de l\u2019ARCA pour conna\u00eetre les plus r\u00e9cents appels de dossiers des centres d\u2019artistes.<br \/>\nAppel de dossiers &#8211; Premi\u00e8re Ovation<br \/>\nDeadline\/Tomb\u00e9e: 2 mars 2020<br \/>\n<a href=\"https:\/\/premiereovation.com\/programmes-aide\/visuels-presentation.aspx\">https:\/\/premiereovation.com\/programmes-aide\/visuels-presentation.aspx<\/a><\/p>\n<p>Call for proposals &#8211; Galerie AVE<br \/>\nDeadline\/Tomb\u00e9e: 10 mars 2020 \u00e0 23h59<br \/>\n<a href=\"https:\/\/www.galerieave.com\/expositions\/2019\/12\/10\/appel-projets-2021-call-for-proposals-2021\">https:\/\/www.galerieave.com\/expositions\/2019\/12\/10\/appel-projets-2021-call-for-proposals-2021<\/a><\/p>\n<p>Multiple calls &#8211; Ville de Brossard<br \/>\nDeadline\/Tomb\u00e9e: 14 mars 2020<br \/>\n<a href=\"https:\/\/www.brossard.ca\/loisir-et-culture\/arts-et-culture\/appel-de-dossiers-et-mise-en-candidature\">https:\/\/www.brossard.ca\/loisir-et-culture\/arts-et-culture\/appel-de-dossiers-et-mise-en-candidature<\/a><\/p>\n<p>Appel de dossiers : Projet de murale 2020<br \/>\nDeadline\/Tomb\u00e9e: Galerie d\u2019art Stewart Hall de Pointe-Claire<br \/>\n<a href=\"https:\/\/www.pointe-claire.ca\/fr\/galerie-dart\/#block-6\">https:\/\/www.pointe-claire.ca\/fr\/galerie-dart\/#block-6<\/a><\/p>\n<p><strong>Public art<\/strong><br \/>\nCall for artist proposals &#8211; Lumen 2020<br \/>\nDeadline\/Tomb\u00e9e: 28 f\u00e9vrier 2020 \u00e0 17h00<br \/>\n<a href=\"https:\/\/forms.waterloo.ca\/Arts-and-Culture\/Lumen-Call-for-Artist-Proposals\">https:\/\/forms.waterloo.ca\/Arts-and-Culture\/Lumen-Call-for-Artist-Proposals<\/a><\/p>\n<p>Call for submissions &#8211; King William Street Public Art<br \/>\nDeadline\/Tomb\u00e9e: 27 f\u00e9vrier 2020 \u00e0 15h00<br \/>\n<a href=\"https:\/\/www.hamilton.ca\/government-information\/news-centre\/news-releases\/city-hamilton-seeking-artist-submissions-king\">https:\/\/www.hamilton.ca\/government-information\/news-centre\/news-releases\/city-hamilton-seeking-artist-submissions-king<\/a><\/p>\n<p>Call for submissions &#8211; Urban Confluence Silicon Valley<br \/>\nDeadline\/Tomb\u00e9ee: 3 avril 2020 \u00e0 23h00<br \/>\n<a href=\"https:\/\/www.urbanconfluencesiliconvalley.org\/\">https:\/\/www.urbanconfluencesiliconvalley.org\/<\/a><\/p>\n<p>Appel de candidatures &#8211; Minist\u00e8re de la Culture et des Communications<br \/>\nDeadline\/Tomb\u00e9e: 6 avril 2020 \u00e0 23h59<br \/>\n<a href=\"https:\/\/www.mcc.gouv.qc.ca\/index.php?id=5927\">https:\/\/www.mcc.gouv.qc.ca\/index.php?id=5927<\/a><\/p>\n<p><strong>Residencies<\/strong><br \/>\nCall for applications &#8211; The Salt Spring Arts Council (SSAC) Artist in Residence (AiR) Program<br \/>\nDeadline\/Tomb\u00e9e: 15 avril 2020<br \/>\n<a href=\"http:\/\/ssartscouncil.com\/artist-in-residence\/\">http:\/\/ssartscouncil.com\/artist-in-residence\/<\/a><\/p>\n<p>Multiple calls &#8211; Women\u2019s Studio Workshop<br \/>\nDeadline\/Tomb\u00e9e: 1er avril 2020 \u00e0 minuit (HNE)<br \/>\n<a href=\"https:\/\/wsworkshop.org\/opportunity-calendar\/\">https:\/\/wsworkshop.org\/opportunity-calendar\/<\/a><\/p>\n<p>Call for applicants &#8211; Blue Cabin Floating Artist Residency<br \/>\nDeadline\/Tomb\u00e9e: 24 f\u00e9vrier 2020 \u00e0 15h (HNP)<br \/>\n<a href=\"https:\/\/thebluecabin.ca\/current-residency-call\/\">https:\/\/thebluecabin.ca\/current-residency-call\/<\/a><\/p>\n<p>Artist in Residence Program &#8211; City of Maple Ridge<br \/>\nDeadline\/Tomb\u00e9e: 21 f\u00e9vrier 2020 \u00e0 17h00<br \/>\n<a href=\"https:\/\/www.mapleridge.ca\/1511\/Call-for-Submissions\">https:\/\/www.mapleridge.ca\/1511\/Call-for-Submissions<\/a><\/p>\n<p>Call for applications &#8211; Salzburg International Summer Academy of Fine Arts<br \/>\nDeadline\/Tomb\u00e9e: 1er avril 2020<br \/>\n<a href=\"https:\/\/www.summeracademy.at\/en\/studies\/grants\/\">https:\/\/www.summeracademy.at\/en\/studies\/grants\/<\/a><\/p>\n<p>Call for Submissions &#8211; MAG Summer Artist Residency 2020<br \/>\nDeadline\/Tomb\u00e9e: 1er mars 2020<br \/>\n<a href=\"https:\/\/www.macewan.ca\/wcm\/SchoolsFaculties\/FFAC\/MitchellArtGallery\/ExhibitionsProjects\/Current\/GALLERY_SUMMERRESIDENCY_CALL\">https:\/\/www.macewan.ca\/wcm\/SchoolsFaculties\/FFAC\/MitchellArtGallery\/ExhibitionsProjects\/Current\/GALLERY_SUMMERRESIDENCY_CALL<\/a><\/p>\n<p><strong>Writing<\/strong><br \/>\nCall for submissions &#8211; Living Hyphen<br \/>\nDeadline\/Tomb\u00e9e: 25 f\u00e9vrier 2020<br \/>\n<a href=\"https:\/\/livinghyphen.ca\/call-for-submissions\">https:\/\/livinghyphen.ca\/call-for-submissions<\/a><\/p>\n<p>Call for applicants &#8211; 2020\/21 C Magazine Editorial Fellowship<br \/>\nDeadline\/Tomb\u00e9e: 10 mars 2020<br \/>\n<a href=\"https:\/\/cmagazine.com\/events\/c-magazine-editorial-fellowship-2020-2021\">https:\/\/cmagazine.com\/events\/c-magazine-editorial-fellowship-2020-2021<\/a><\/p>\n<p>Call for submissions &#8211; 2020 C New Critics Award Call<br \/>\nDeadline\/Tomb\u00e9e: 21 avril 2020<br \/>\n<a href=\"https:\/\/cmagazine.com\/events\/c-new-critics-award-2020\">https:\/\/cmagazine.com\/events\/c-new-critics-award-2020<\/a><\/p>\n<p><strong>Acquisition<\/strong><br \/>\nAppel de propositions &#8211; Mus\u00e9e national des beaux-arts du Qu\u00e9bec<br \/>\nDeadline\/Tomb\u00e9e: 21 f\u00e9vrier 2020 \u00e0 16h00<br \/>\n<a href=\"https:\/\/www.mnbaq.org\/collections\/appel-de-propositions\">https:\/\/www.mnbaq.org\/collections\/appel-de-propositions<\/a><\/p>\n<p><strong>Scholarships \/ Bourses<\/strong><br \/>\nMultiple calls &#8211; Sheila Hugh Mackay Foundation<br \/>\nDeadline\/Tomb\u00e9e: 21 f\u00e9vrier 2020<br \/>\n<a href=\"https:\/\/sheilahughmackay.ca\/scholarships\/\">https:\/\/sheilahughmackay.ca\/scholarships\/<\/a><\/p>\n<p>Pour d\u2019autres appels, consultez<br \/>\nLa Liste de l\u2019AGAVF:\u00a0<a href=\"http:\/\/www.agavf.ca\/laliste\">http:\/\/www.agavf.ca\/laliste<\/a><\/p>\n<p>&nbsp;<\/p>\n","protected":false},"excerpt":{"rendered":"<p><a href=\"http:\/\/www.arca.art\/fr\/files\/Vignette-gabarit-30.png\"><\/a> Le 20 f\u00e9vrier 2020 \u2014 ARCA vient d\u2019amorcer la 3e phase de son projet\u00a0(pas) juste une question d\u2019argent\u00a0qui vise \u00e0 soutenir les efforts de diversification des revenus au moyen d\u2019outils de gestion et de promotion, dont une s\u00e9rie de capsules vid\u00e9o. Nous avons besoin de vous pour recueillir du mat\u00e9riel documentaire qui met en valeur <a href=\"https:\/\/www.arca.art\/fr\/nouvelles\/larca-dans-la-poche-30\/\" title=\"Read l\u2019arca dans la poche \u2014 # 30\">&raquo;&raquo;<\/a><\/p>\n","protected":false},"author":2,"featured_media":2468,"comment_status":"open","ping_status":"open","sticky":false,"template":"","format":"standard","meta":{"ngg_post_thumbnail":0,"footnotes":""},"categories":[23,58],"tags":[28,16,52,54,100,31,64,46,50],"class_list":["post-2466","post","type-post","status-publish","format-standard","has-post-thumbnail","hentry","category-nouvelles","category-bulletin","tag-appels","tag-arcco","tag-archives","tag-bulletin","tag-conseil-des-arts-du-canada","tag-etude","tag-numerique","tag-rcaaq","tag-residences"],"_links":{"self":[{"href":"https:\/\/www.arca.art\/fr\/wp-json\/wp\/v2\/posts\/2466","targetHints":{"allow":["GET"]}}],"collection":[{"href":"https:\/\/www.arca.art\/fr\/wp-json\/wp\/v2\/posts"}],"about":[{"href":"https:\/\/www.arca.art\/fr\/wp-json\/wp\/v2\/types\/post"}],"author":[{"embeddable":true,"href":"https:\/\/www.arca.art\/fr\/wp-json\/wp\/v2\/users\/2"}],"replies":[{"embeddable":true,"href":"https:\/\/www.arca.art\/fr\/wp-json\/wp\/v2\/comments?post=2466"}],"version-history":[{"count":3,"href":"https:\/\/www.arca.art\/fr\/wp-json\/wp\/v2\/posts\/2466\/revisions"}],"predecessor-version":[{"id":2470,"href":"https:\/\/www.arca.art\/fr\/wp-json\/wp\/v2\/posts\/2466\/revisions\/2470"}],"wp:featuredmedia":[{"embeddable":true,"href":"https:\/\/www.arca.art\/fr\/wp-json\/wp\/v2\/media\/2468"}],"wp:attachment":[{"href":"https:\/\/www.arca.art\/fr\/wp-json\/wp\/v2\/media?parent=2466"}],"wp:term":[{"taxonomy":"category","embeddable":true,"href":"https:\/\/www.arca.art\/fr\/wp-json\/wp\/v2\/categories?post=2466"},{"taxonomy":"post_tag","embeddable":true,"href":"https:\/\/www.arca.art\/fr\/wp-json\/wp\/v2\/tags?post=2466"}],"curies":[{"name":"wp","href":"https:\/\/api.w.org\/{rel}","templated":true}]}}