{"id":2263,"date":"2019-12-13T18:04:31","date_gmt":"2019-12-13T18:04:31","guid":{"rendered":"http:\/\/www.arca.art\/fr\/?p=2263"},"modified":"2020-01-18T16:56:35","modified_gmt":"2020-01-18T16:56:35","slug":"larca-dans-la-poche-28","status":"publish","type":"post","link":"https:\/\/www.arca.art\/fr\/bulletin\/larca-dans-la-poche-28\/","title":{"rendered":"l\u2019arca dans la poche \u2014 # 28"},"content":{"rendered":"<p><a href=\"http:\/\/www.arca.art\/fr\/files\/Vignette-gabarit-arca-28.png\"><img loading=\"lazy\" decoding=\"async\" class=\"size-full wp-image-2264 alignleft\" src=\"http:\/\/www.arca.art\/fr\/files\/Vignette-gabarit-arca-28.png\" alt=\"\" width=\"320\" height=\"160\" srcset=\"https:\/\/www.arca.art\/fr\/files\/Vignette-gabarit-arca-28.png 320w, https:\/\/www.arca.art\/fr\/files\/Vignette-gabarit-arca-28-150x75.png 150w, https:\/\/www.arca.art\/fr\/files\/Vignette-gabarit-arca-28-300x150.png 300w\" sizes=\"auto, (max-width: 320px) 100vw, 320px\" \/><\/a>INFOLETTRE: L\u2019ARCA DANS LA POCHE #28\u2014Joyeuses F\u00eates \u00e0 tous!\u2014Hamilton Artists Inc., laur\u00e9at du Prix Lacey 2019!\u2014Pr\u00e9sentation post-\u00e9lectorale 2019\u2014Mises \u00e0 jour de CARFAC\/RAAV et de la Coalition canadienne des arts\u2014De la litt\u00e9ratie num\u00e9rique en six bouch\u00e9es: La cha\u00eene de blocs, c&#8217;est quoi?\u2014Des nouvelles du r\u00e9cent sondage r\u00e9alis\u00e9 par Centre for Art Tapes sur le num\u00e9rique\u2014Une s\u00e9lection des plus r\u00e9cents appels \u00e0 projets + consultez Le R\u00e9pertoire mise \u00e0 jour! &gt; <a href=\"https:\/\/mailchi.mp\/d104c12d8e47\/larca-in-the-loop-no-28\">Lire plus<\/a><\/p>\n<p>&nbsp;<\/p>\n<p>&nbsp;<\/p>\n<p>&nbsp;<\/p>\n<p>\u2014<br \/>\nF\u00e9licitations \u00e0 Hamilton Artists Inc., laur\u00e9at du Prix Lacey 2019!<br \/>\n\u2014<br \/>\nF\u00e9licitations \u00e0 <a href=\"http:\/\/www.theinc.ca\/\">Hamilton Artists Inc.<\/a>, laur\u00e9at du Prix Lacey 2019, ainsi qu\u2019aux finalistes <a href=\"http:\/\/gachet.org\/\">Gallery Gachet<\/a> (Vancouver) et <a href=\"https:\/\/www.uascalgary.org\/\">Untitled Art Society<\/a> (Calgary), premiers r\u00e9cipiendaires du tout nouveau <a href=\"https:\/\/www.beaux-arts.ca\/a-propos-du-musee\/prix\/prix-lacey-2019\">Prix Lacey<\/a> cr\u00e9\u00e9 en 2019 par M. John Lacey en association avec le Mus\u00e9e des beaux-arts du Canada. Les centres <a href=\"https:\/\/www.strutsgallery.ca\/\">Struts Gallery<\/a> (N.-B.); <a href=\"https:\/\/thistownissmall.com\/\">this town is small<\/a> (\u00ce.-P.-\u00c9.); <a href=\"https:\/\/www.criticaldistance.ca\/\">Critical Distance<\/a> (Ont.) et <a href=\"http:\/\/www.blinkers.website\/\">Blinkers<\/a> (Man.) se voient aussi r\u00e9compens\u00e9s d\u2019une mention honorable par le jury ind\u00e9pendant compos\u00e9 de Glenn Alteen, conservateur laur\u00e9at du Prix du Gouverneur g\u00e9n\u00e9ral, de Nicole Burisch, conservatrice adjointe de l\u2019art contemporain du Mus\u00e9e des beaux-arts du Canada, et de l\u2019artiste Louise Lacey-Rokosh,<\/p>\n<p>Le Prix Lacey reconna\u00eet le r\u00f4le essentiel des centres d\u2019artistes autog\u00e9r\u00e9s et des petits organismes artistiques pour appuyer les artistes et favoriser les pratiques \u00e9mergentes au Canada. L\u2019appel de candidatures pour le second Prix Lacey biennal sera lanc\u00e9 au mois d\u2019ao\u00fbt 2021. #PrixLaceyPrize<\/p>\n<p>\u2022 \u2022 \u2022<br \/>\nActualit\u00e9s<\/p>\n<p>\u2014<br \/>\nPr\u00e9sentation post-\u00e9lectorale 2019<br \/>\n\u2014<br \/>\nLe 14 novembre dernier, l\u2019ARCA a particip\u00e9 \u00e0 une pr\u00e9sentation post-\u00e9lectorale de Global Public Affairs. La carte \u00e9lectorale d\u00e9montre un Canada divis\u00e9, le Bloc qu\u00e9b\u00e9cois \u00e9tant dans sa meilleure position depuis 2008. Les 30 d\u00e9put\u00e9s suivants ont \u00e9t\u00e9 identifi\u00e9s comme d\u00e9fenseurs des arts \u00e0 la Chambre des communes, des alli\u00e9s sur qui compter pour revendiquer une part de l\u2019\u00e9ventuelle taxe GAFA, au profit des OBNL en arts visuels.<\/p>\n<p><a href=\"http:\/\/www.arca.art\/fr\/files\/carte-electorale-2019.pdf\">Carte \u00e9lectorale<\/a>.<br \/>\n<a href=\"http:\/\/www.arca.art\/fr\/files\/image_champions.pdf\">Les champions des arts et de la culture<\/a>.<br \/>\n<a href=\"http:\/\/www.arca.art\/fr\/files\/image_newcomers.pdf\">Les nouveaux venus des arts et de la culture<\/a>.<\/p>\n<p>\u2014<br \/>\nMises \u00e0 jour de CARFAC\/RAAV<br \/>\n\u2014<br \/>\nVeuillez noter que CARFAC\/RAAV ont apport\u00e9 des mises \u00e0 jour importantes \u00e0 leur bar\u00e8me des tarifs minimums recommand\u00e9s pour 2020 et ont migr\u00e9 le bar\u00e8me vers cette nouvelle <a href=\"https:\/\/carfac-raav.ca\/fr\/2020-fr\/\">URL<\/a>. Des changements importants ont \u00e9t\u00e9 apport\u00e9s \u00e0 la cat\u00e9gorie de performance, garantissant une plus grande clart\u00e9 et s&#8217;effor\u00e7ant \u00e9galement d&#8217;obtenir une plus grande parit\u00e9 avec les frais d&#8217;exposition.<\/p>\n<p>\u2014<br \/>\nMise \u00e0 jour de la Coalition canadienne des arts<br \/>\n\u2014<br \/>\nUne autre mise \u00e0 jour de la note vient du sous-comit\u00e9 de la Coalition canadienne des arts sur la <a href=\"https:\/\/www.carfac.ca\/fr\/news\/2019\/11\/12\/nouvelles-du-sous-comite-de-la-coalition-canadienne-des-arts-sur-la-fiscalite-des-artistes\/\">fiscalit\u00e9 des artistes<\/a> suite \u00e0 une augmentation de v\u00e9rifications signal\u00e9s par des artistes. Les repr\u00e9sentations men\u00e9es aupr\u00e8s de l\u2019Agence du revenu du Canada et des Conseils des arts visent \u00e0 harmoniser la mani\u00e8re dont les revenus des subventions sont d\u00e9clar\u00e9s.<\/p>\n<p>\u2022 \u2022 \u2022<br \/>\nDe la litt\u00e9ratie num\u00e9rique en six bouch\u00e9es?<\/p>\n<p>\u2014<br \/>\nLa cha\u00eene de blocs, c&#8217;est quoi?<br \/>\n\u2014<br \/>\n\u00abLa cha\u00eene de bloc est une \u201cbase de donn\u00e9es distribu\u00e9e et s\u00e9curis\u00e9e, dans laquelle sont stock\u00e9es chronologiquement, sous forme de blocs li\u00e9s les uns aux autres, les transactions successives effectu\u00e9es entre ses utilisateurs depuis sa cr\u00e9ation\u201d (Office qu\u00e9b\u00e9cois de la langue fran\u00e7aise, 2017). C\u2019est-\u00e0-dire qu\u2019il s\u2019agit d\u2019un registre num\u00e9rique distribu\u00e9 \u00e0 travers un r\u00e9seau d\u2019ordinateurs, dans lequel sont consign\u00e9es des informations de nature transactionnelle\u00bb. &gt; <a href=\"https:\/\/reseauartactuel.org\/wp-content\/uploads\/chronique_numerique_octobre.pdf\">En savoir plus<\/a><\/p>\n<p>++<br \/>\n+<br \/>\nSelon un r\u00e9cent sondage du milieu des centres d&#8217;artistes autog\u00e9r\u00e9s r\u00e9alis\u00e9 par Centre for Art Tapes (CFAT), la technologie num\u00e9rique est tr\u00e8s importante pour les organismes. Pourtant, selon le m\u00eame sondage, les organismes ne jugent pas important le r\u00e9f\u00e9rencement pour les moteurs de recherche. Pour d\u00e9mystifier le r\u00e9f\u00e9rencement, lire l&#8217;article suivant provenant de la Revue de presse \u201cCultures \u00e0 l&#8217;\u00e8re num\u00e9rique\u201d produite par Charles Vallerand. &gt; <a href=\"https:\/\/www.webmarketing-com.com\/2019\/11\/29\/96904-booster-referencement-contenus-google-analyse-semantique\">En savoir plus<\/a><\/p>\n<p><a href=\"https:\/\/facebook.us15.list-manage.com\/subscribe?u=1ab2a87c37d341f009e950bcb&amp;id=e280674e87\">Abonnement \u00e0 un essai gratuit<\/a>.<\/p>\n<p>\u2022 \u2022 \u2022<br \/>\nAppels<\/p>\n<p>\u2014\/ Consultez aussi <a href=\"http:\/\/directory.arca.art\/fr\">Le R\u00e9pertoire<\/a> en ligne de l\u2019ARCA pour conna\u00eetre les plus r\u00e9cents appels de dossiers des centres d&#8217;artistes<\/p>\n<p><a href=\"https:\/\/www.artsandmindscanada.com\/tilting-air-artist-in-residence\">Artist in Residence: Tilting AIR 2020 Summer Program<\/a><br \/>\nDeadline: January 15th<\/p>\n<p><a href=\"https:\/\/artspace-arc.org\/calls\/call-for-submission\/\">Artspace: Erring at King George<\/a><br \/>\nDeadline: February 2, 2020, 11:59 PM<\/p>\n<p><a href=\"http:\/\/www.oboro.net\/fr\/boursepop\">Caisse Desjardins du Plateau-Mont-Royal: Bourse de cr\u00e9ation en nouveaux m\u00e9dias<\/a><br \/>\nDate de tomb\u00e9e: 12 janvier 2020 \u00e0 23h59<\/p>\n<p><a href=\"https:\/\/gallery.mailchimp.com\/660754ac551fd79aca3b0f94a\/files\/f364836a-6374-44b6-b691-9998e70a867f\/258_Appel_final.pdf\">Appel de propositions: Vie des Arts num\u00e9ro 258<\/a><br \/>\nDate de tomb\u00e9e: 5 janvier 2020<\/p>\n<p><a href=\"https:\/\/inter-lelieu.org\/revue-inter\/proposer-un-article\/metamorphoses-et-fluidite\/\">Appel de textes &#8211; Inter n\u00b0135<\/a><br \/>\nDate de tomb\u00e9e: 6 janvier 2020<\/p>\n<p><a href=\"http:\/\/www.mutek.org\/fr\/news\/1059-mutek-montreal-2020-appel-a-soumissions\">Appel \u00e0 soumissions: MUTEK 2020<\/a><br \/>\nDate de tomb\u00e9e: 19 janvier 2020<\/p>\n<p><a href=\"https:\/\/www.bve.ulaval.ca\/nouvelles\/appel-de-dossiers-exposition-collective-eclipse-obscurcir-reveler\/\">Appel de dossiers: Universit\u00e9 Laval<\/a><br \/>\nDate de tomb\u00e9e: 25 janvier 2020<\/p>\n<p><a href=\"https:\/\/www.auarts-sa.ca\/2019\/12\/call-for-submissions-art-gallery-of-st-albert-2021-gallery-exhibitions\/\">Call for Submissions: Art Gallery of St. Albert<\/a><br \/>\nDeadline: February 13, 2020 5 pm<\/p>\n<p><a href=\"http:\/\/www.theinc.ca\/exhibition\/submissions\/\">Call for Submissions: Hamilton Artists Inc &#8211; Cannon Gallery, James Gallery &amp; Cannon Project Wall<\/a><br \/>\nDeadline: January 12, 2020<\/p>\n<p><a href=\"https:\/\/www.fogoislandarts.ca\/news\/news\/call-for-applications-the-hnatyshyn-foundation-fogo-island-arts-young-curator-residency-2020\/\">Call for Submissions: Fogo Island Arts Young Curator Residency<\/a><br \/>\nDeadline: January 6, 2020 at midnight EST<\/p>\n<p><a href=\"https:\/\/craftcouncil.nl.ca\/wp-content\/uploads\/2019\/09\/Craft-Council-Gallery-Exhibition-Application2019.pdf\">Call for proposals: Craft Council Gallery, St. John\u2019s, NL.<\/a><br \/>\nDeadline: December 23, 2019<\/p>\n","protected":false},"excerpt":{"rendered":"<p><a href=\"http:\/\/www.arca.art\/fr\/files\/Vignette-gabarit-arca-28.png\"><\/a> INFOLETTRE: L\u2019ARCA DANS LA POCHE #28\u2014Joyeuses F\u00eates \u00e0 tous!\u2014Hamilton Artists Inc., laur\u00e9at du Prix Lacey 2019!\u2014Pr\u00e9sentation post-\u00e9lectorale 2019\u2014Mises \u00e0 jour de CARFAC\/RAAV et de la Coalition canadienne des arts\u2014De la litt\u00e9ratie num\u00e9rique en six bouch\u00e9es: La cha\u00eene de blocs, c&#8217;est quoi?\u2014Des nouvelles du r\u00e9cent sondage r\u00e9alis\u00e9 par Centre for Art Tapes sur le num\u00e9rique\u2014Une s\u00e9lection <a href=\"https:\/\/www.arca.art\/fr\/bulletin\/larca-dans-la-poche-28\/\" title=\"Read l\u2019arca dans la poche \u2014 # 28\">&raquo;&raquo;<\/a><\/p>\n","protected":false},"author":2,"featured_media":2264,"comment_status":"open","ping_status":"open","sticky":false,"template":"","format":"standard","meta":{"ngg_post_thumbnail":0,"footnotes":""},"categories":[58],"tags":[42,96,34,64,59],"class_list":["post-2263","post","type-post","status-publish","format-standard","has-post-thumbnail","hentry","category-bulletin","tag-carfac","tag-fiscalite","tag-la-coalition-canadienne-des-arts","tag-numerique","tag-prix"],"_links":{"self":[{"href":"https:\/\/www.arca.art\/fr\/wp-json\/wp\/v2\/posts\/2263","targetHints":{"allow":["GET"]}}],"collection":[{"href":"https:\/\/www.arca.art\/fr\/wp-json\/wp\/v2\/posts"}],"about":[{"href":"https:\/\/www.arca.art\/fr\/wp-json\/wp\/v2\/types\/post"}],"author":[{"embeddable":true,"href":"https:\/\/www.arca.art\/fr\/wp-json\/wp\/v2\/users\/2"}],"replies":[{"embeddable":true,"href":"https:\/\/www.arca.art\/fr\/wp-json\/wp\/v2\/comments?post=2263"}],"version-history":[{"count":3,"href":"https:\/\/www.arca.art\/fr\/wp-json\/wp\/v2\/posts\/2263\/revisions"}],"predecessor-version":[{"id":2267,"href":"https:\/\/www.arca.art\/fr\/wp-json\/wp\/v2\/posts\/2263\/revisions\/2267"}],"wp:featuredmedia":[{"embeddable":true,"href":"https:\/\/www.arca.art\/fr\/wp-json\/wp\/v2\/media\/2264"}],"wp:attachment":[{"href":"https:\/\/www.arca.art\/fr\/wp-json\/wp\/v2\/media?parent=2263"}],"wp:term":[{"taxonomy":"category","embeddable":true,"href":"https:\/\/www.arca.art\/fr\/wp-json\/wp\/v2\/categories?post=2263"},{"taxonomy":"post_tag","embeddable":true,"href":"https:\/\/www.arca.art\/fr\/wp-json\/wp\/v2\/tags?post=2263"}],"curies":[{"name":"wp","href":"https:\/\/api.w.org\/{rel}","templated":true}]}}