{"id":1326,"date":"2014-10-20T20:48:49","date_gmt":"2014-10-20T20:48:49","guid":{"rendered":"http:\/\/www.arca.art\/fr\/?p=1326"},"modified":"2016-06-12T23:40:55","modified_gmt":"2016-06-12T23:40:55","slug":"arca-a-la-journee-des-arts-sur-la-colline-le-21-octobre-2014-ottawa","status":"publish","type":"post","link":"https:\/\/www.arca.art\/fr\/nouvelles\/arca-a-la-journee-des-arts-sur-la-colline-le-21-octobre-2014-ottawa\/","title":{"rendered":"ARCA \u00e0 la journ\u00e9e des arts sur la colline, le 21 octobre, 2014, Ottawa"},"content":{"rendered":"<p>La Conf\u00e9rence des collectifs et des centres d&#8217;artistes autog\u00e9r\u00e9s (l&#8217;ARCA) est fi\u00e8re de participer encore cette ann\u00e9e \u00e0 la Journ\u00e9e des arts sur la Colline organis\u00e9e par <a href=\"http:\/\/www.lacoalitioncanadiennedesarts.com\/\" target=\"_blank\">La Coalition canadienne des arts<\/a> le mardi 21 octobre avec un groupe de porte-parole du milieu des arts de partout au Canada. Distribu\u00e9s en petits groupes, les participants pourront rencontrer et \u00e9changer avec des s\u00e9nateurs, d\u00e9put\u00e9s et hauts-fonctionnaires et rappeler l\u2019importance des politiques et programmes du secteur public pour les artistes et leurs organismes, et inviter leur solidarit\u00e9. Cette ann\u00e9e, la d\u00e9l\u00e9gation de l\u2019ARCA compte Todd Janes, pr\u00e9sident de l&#8217;ARCA et directeur de Latitude 53 \u00e0 Edmonton) et Anne Bertrand, directrice, ARCA.<\/p>\n<p>La Coalition canadienne des arts travaille fort \u00e0 pr\u00e9parer les participants \u00e0 ces rencontres car il s\u2019agit d\u2019une occasion sans \u00e9gal pour livrer des messages cl\u00e9s avec coh\u00e9sion et efficacit\u00e9. L\u2019ARCA encourage d\u2019ailleurs tous les centres d\u2019artistes int\u00e9ress\u00e9s \u00e0 cr\u00e9er des liens avec les politiciens de leurs r\u00e9gions \u00e0 s\u2019approprier soit le mat\u00e9riel de repr\u00e9sentation d\u00e9velopp\u00e9 par La Coalition tel quel, ou d\u2019employer le mat\u00e9riel adapt\u00e9 par l&#8217;ARCA et qui sera prochainement renouvel\u00e9 et disponible dans la <a title=\"Bo\u00eete \u00e0 outils de l\u2019advocate\" href=\"http:\/\/www.arca.art\/fr\/vedette\/boite-a-outils-de-ladvocate\/\" target=\"_blank\">bo\u00eete \u00e0 outils<\/a> de l\u2019advocate en ligne sur le site.<\/p>\n<p>En cette ann\u00e9e de budget pr\u00e9-\u00e9lectoral, la Coalition canadienne des arts a pr\u00e9sent\u00e9 au Comit\u00e9 permanent des finances de la Chambre des communes les trois recommandations suivantes :<\/p>\n<ul>\n<li>Recommandation 1 : Augmenter le cr\u00e9dit parlementaire du Conseil des arts du Canada de 35 millions de dollars en 2015 en vue d\u2019atteindre \u00e0 long terme une enveloppe de 300 millions de dollars.<\/li>\n<li>Recommandation 2 : Accroitre la pr\u00e9sence du Canada sur la sc\u00e8ne artistique internationale d\u2019ici 2017 en investissant 25 millions de dollars dans la cr\u00e9ation d\u2019un programme pilote triennal dans le cadre du minist\u00e8re des Affaires \u00e9trang\u00e8res, du Commerce et du D\u00e9veloppement, et ce \u00e0 l\u2019occasion du 150e anniversaire de la fondation du Canada.<\/li>\n<li>Recommandation 3 : Explorer de nouveaux mod\u00e8les de revenu pouvant soutenir une strat\u00e9gie culturelle num\u00e9rique globale qui favoriserait la cr\u00e9ation, la diffusion ainsi que la participation quant aux contenus culturels canadiens en ligne.<\/li>\n<\/ul>\n<p>Suivre la Coalition et l\u2019ARCA sur Twitter @arccc-cccaa @ArtsCoalitionCa #journeedarts<\/p>\n","protected":false},"excerpt":{"rendered":"<p>La Conf\u00e9rence des collectifs et des centres d&#8217;artistes autog\u00e9r\u00e9s (l&#8217;ARCA) est fi\u00e8re de participer encore cette ann\u00e9e \u00e0 la Journ\u00e9e des arts sur la Colline organis\u00e9e par La Coalition canadienne des arts le mardi 21 octobre avec un groupe de porte-parole du milieu des arts de partout au Canada. Distribu\u00e9s en petits groupes, les participants pourront rencontrer et \u00e9changer avec des s\u00e9nateurs, d\u00e9put\u00e9s et hauts-fonctionnaires et rappeler l\u2019importance des politiques et programmes du secteur public pour les artistes et leurs organismes, et inviter leur solidarit\u00e9. Cette ann\u00e9e, la d\u00e9l\u00e9gation de l\u2019ARCA compte Todd Janes, pr\u00e9sident de l&#8217;ARCA et directeur de Latitude 53 \u00e0 Edmonton) et Anne Bertrand, directrice, ARCA. <\/p>\n","protected":false},"author":2,"featured_media":0,"comment_status":"open","ping_status":"open","sticky":false,"template":"","format":"standard","meta":{"ngg_post_thumbnail":0,"footnotes":""},"categories":[23],"tags":[34,25],"class_list":["post-1326","post","type-post","status-publish","format-standard","hentry","category-nouvelles","tag-la-coalition-canadienne-des-arts","tag-representation"],"_links":{"self":[{"href":"https:\/\/www.arca.art\/fr\/wp-json\/wp\/v2\/posts\/1326","targetHints":{"allow":["GET"]}}],"collection":[{"href":"https:\/\/www.arca.art\/fr\/wp-json\/wp\/v2\/posts"}],"about":[{"href":"https:\/\/www.arca.art\/fr\/wp-json\/wp\/v2\/types\/post"}],"author":[{"embeddable":true,"href":"https:\/\/www.arca.art\/fr\/wp-json\/wp\/v2\/users\/2"}],"replies":[{"embeddable":true,"href":"https:\/\/www.arca.art\/fr\/wp-json\/wp\/v2\/comments?post=1326"}],"version-history":[{"count":3,"href":"https:\/\/www.arca.art\/fr\/wp-json\/wp\/v2\/posts\/1326\/revisions"}],"predecessor-version":[{"id":1711,"href":"https:\/\/www.arca.art\/fr\/wp-json\/wp\/v2\/posts\/1326\/revisions\/1711"}],"wp:attachment":[{"href":"https:\/\/www.arca.art\/fr\/wp-json\/wp\/v2\/media?parent=1326"}],"wp:term":[{"taxonomy":"category","embeddable":true,"href":"https:\/\/www.arca.art\/fr\/wp-json\/wp\/v2\/categories?post=1326"},{"taxonomy":"post_tag","embeddable":true,"href":"https:\/\/www.arca.art\/fr\/wp-json\/wp\/v2\/tags?post=1326"}],"curies":[{"name":"wp","href":"https:\/\/api.w.org\/{rel}","templated":true}]}}