{"id":1160,"date":"2014-02-17T20:05:58","date_gmt":"2014-02-17T20:05:58","guid":{"rendered":"http:\/\/www.arca.art\/fr\/?p=1160"},"modified":"2020-02-24T00:01:40","modified_gmt":"2020-02-24T00:01:40","slug":"retour-sur-la-campagne-arts-308-et-budget-2014","status":"publish","type":"post","link":"https:\/\/www.arca.art\/fr\/blogue\/retour-sur-la-campagne-arts-308-et-budget-2014\/","title":{"rendered":"Retour sur la campagne Arts 308 et budget 2014"},"content":{"rendered":"<p>La Coalition canadienne des arts a mis fin \u00e0 sa campagne Arts 308 lanc\u00e9e en octobre dernier et qui visait \u00e0 livrer quelques messages cl\u00e9s \u00e0 l\u2019ensemble des d\u00e9put\u00e9s, r\u00e9partis \u00e0 travers les 308 circonscriptions f\u00e9d\u00e9rales. On peut lire dans leur <a href=\"http:\/\/www.lacoalitioncanadiennedesarts.com\/archives\/926\" target=\"_blank\" rel=\"noopener noreferrer\">rapport<\/a>, que la communaut\u00e9 des arts s\u2019est mobilis\u00e9e et aurait rejoint plus de 122 d\u00e9put\u00e9s, tant en personne, qu\u2019\u00e0 travers les m\u00e9dias sociaux. Le budget du gouvernement f\u00e9d\u00e9ral a depuis \u00e9t\u00e9 d\u00e9voil\u00e9 et touche tr\u00e8s peu au financement des arts. Pour une excellente analyse des points je vous r\u00e9f\u00e8re au <a href=\"https:\/\/canadianart.ca\/news\/2014-federal-budget\/\">r\u00e9sum\u00e9<\/a> de Leah Sandals paru en ligne dans le Canadian Art du 13 f\u00e9vrier 2014. C\u2019est clair que la stagnation des budgets au Conseil des arts du Canada repr\u00e9sente un recul pour ceux et celles qui comptent sur les programmes de subvention car les demandes ne cessent d\u2019augmenter, de m\u00eame que les co\u00fbts de subsistance et de production.<!--more--><\/p>\n<p>Ce que repr\u00e9sente cette campagne pour la collectivit\u00e9 des individus et organismes en art, est la capacit\u00e9 de se concerter, toutes disciplines confondues, pour faire entendre combien le financement public des arts est essentiel tant pour la cr\u00e9ation et la diffusion des pratiques artistiques, que pour l\u2019emploi dans toutes ses formes typiques et atypiques. Aussi, ce type de campagne permet de d\u00e9velopper, voire de cultiver la confiance des artistes \u00e0 faire valoir l\u2019importance de leurs activit\u00e9s localement, aupr\u00e8s de leur d\u00e9put\u00e9.<\/p>\n<p>Pour cette raison, j\u2019encourage les membres de la communaut\u00e9 des centres d\u2019artistes autog\u00e9r\u00e9s \u00e0 poursuivre le travail de terrain amorc\u00e9 avec cette campagne en s\u2019appropriant le mat\u00e9riel de repr\u00e9sentation (advocacy toolkit) mis en ligne ici; le mat\u00e9riel d\u00e9velopp\u00e9 au d\u00e9part par la Coalition Canadienne des arts, et adapt\u00e9 par l\u2019ARCA (en format Word, et en PDF), se veut \u00e9volutif. Le mat\u00e9riel sert \u00e0 faciliter la prise de rendez-vous avec vos repr\u00e9sentants politiques pour sensibiliser au r\u00f4le important que joue le centre d\u2019artistes dans la communaut\u00e9 afin de mieux mutualiser nos forces pour un soutien continu au financement public des arts.<\/p>\n","protected":false},"excerpt":{"rendered":"<p>La Coalition canadienne des arts a mis fin \u00e0 sa campagne Arts 308 lanc\u00e9e en octobre dernier et qui visait \u00e0 livrer quelques messages cl\u00e9s \u00e0 l\u2019ensemble des d\u00e9put\u00e9s, r\u00e9partis \u00e0 travers les 308 circonscriptions f\u00e9d\u00e9rales. On peut lire dans leur rapport, que la communaut\u00e9 des arts s\u2019est mobilis\u00e9e et aurait rejoint plus de 122 d\u00e9put\u00e9s, tant en personne, qu\u2019\u00e0 travers les m\u00e9dias sociaux. Le budget du gouvernement f\u00e9d\u00e9ral a depuis \u00e9t\u00e9 d\u00e9voil\u00e9 et touche tr\u00e8s peu au financement des arts.<\/p>\n","protected":false},"author":2,"featured_media":0,"comment_status":"open","ping_status":"open","sticky":false,"template":"","format":"standard","meta":{"ngg_post_thumbnail":0,"footnotes":""},"categories":[23,14],"tags":[34],"class_list":["post-1160","post","type-post","status-publish","format-standard","hentry","category-nouvelles","category-blogue","tag-la-coalition-canadienne-des-arts"],"_links":{"self":[{"href":"https:\/\/www.arca.art\/fr\/wp-json\/wp\/v2\/posts\/1160","targetHints":{"allow":["GET"]}}],"collection":[{"href":"https:\/\/www.arca.art\/fr\/wp-json\/wp\/v2\/posts"}],"about":[{"href":"https:\/\/www.arca.art\/fr\/wp-json\/wp\/v2\/types\/post"}],"author":[{"embeddable":true,"href":"https:\/\/www.arca.art\/fr\/wp-json\/wp\/v2\/users\/2"}],"replies":[{"embeddable":true,"href":"https:\/\/www.arca.art\/fr\/wp-json\/wp\/v2\/comments?post=1160"}],"version-history":[{"count":9,"href":"https:\/\/www.arca.art\/fr\/wp-json\/wp\/v2\/posts\/1160\/revisions"}],"predecessor-version":[{"id":2394,"href":"https:\/\/www.arca.art\/fr\/wp-json\/wp\/v2\/posts\/1160\/revisions\/2394"}],"wp:attachment":[{"href":"https:\/\/www.arca.art\/fr\/wp-json\/wp\/v2\/media?parent=1160"}],"wp:term":[{"taxonomy":"category","embeddable":true,"href":"https:\/\/www.arca.art\/fr\/wp-json\/wp\/v2\/categories?post=1160"},{"taxonomy":"post_tag","embeddable":true,"href":"https:\/\/www.arca.art\/fr\/wp-json\/wp\/v2\/tags?post=1160"}],"curies":[{"name":"wp","href":"https:\/\/api.w.org\/{rel}","templated":true}]}}