{"id":998,"date":"2013-10-25T14:47:33","date_gmt":"2013-10-25T14:47:33","guid":{"rendered":"http:\/\/www.arca.art\/fr\/?p=998"},"modified":"2020-02-26T22:41:03","modified_gmt":"2020-02-26T22:41:03","slug":"appel-aux-participants-arts-308","status":"publish","type":"post","link":"http:\/\/www.arca.art\/fr\/blogue\/appel-aux-participants-arts-308\/","title":{"rendered":"Appel aux participants : Arts 308"},"content":{"rendered":"<p><span style=\"color: #3366ff\"><em>Veuillez noter que le billet suivant est calqu\u00e9 sur le communiqu\u00e9 de la Coalition canadienne des arts diffus\u00e9 le 24 octobre 2013 et disponible sur leur site Internet. Le texte de quelques-uns de leurs documents sera adapt\u00e9 par l&#8217;ARCA et seront bient\u00f4t mis \u00e0 la disposition des membres de la collectivit\u00e9 des centres d&#8217;artistes. Entre temps, on encourage les membres qui le souhaitent, \u00e0 prendre rendez-vous avec leur d\u00e9put\u00e9 dans leur circonscription avec l&#8217;appui du mat\u00e9riel suivant, produit par la Coalition.<br \/>\n<\/em><\/span><\/p>\n<p><strong>Appel \u00e0 tous les d\u00e9fenseurs des arts ! <\/strong><br \/>\n<strong>Nous voulons rencontrer chacun(e) des d\u00e9put\u00e9(e)s des 308 circonscriptions, et pour ce faire, votre participation est indispensable.<\/strong><\/p>\n<p>\u00c9tant donn\u00e9 la prorogation parlementaire, la campagne Arts 308 remplace cette ann\u00e9e la Journ\u00e9e des arts sur la colline. La Coalition canadienne des arts encourage les d\u00e9fenseurs des arts \u00e0 prendre rendez-vous avec votre d\u00e9put\u00e9 d\u00e8s maintenant et avant les vacances de No\u00ebl, car c\u2019est durant cette p\u00e9riode que la majeure partie des d\u00e9cisions budg\u00e9taires sont prises. Si ce calendrier vous semble trop serr\u00e9, il sera tout de m\u00eame utile de tenir une rencontre d\u2019ici le d\u00e9voilement du Budget, en mars.<!--more--><\/p>\n<p>Vous pouvez participer \u00e0 cette initiative :<\/p>\n<ul>\n<li>en rencontrant votre d\u00e9put\u00e9, ou<\/li>\n<li>en lui envoyant un message par l\u2019interm\u00e9diaire des m\u00e9dias sociaux.<\/li>\n<\/ul>\n<p>Une strat\u00e9gie d\u2019utilisation des <a href=\"http:\/\/www.lacoalitioncanadiennedesarts.com\/archives\/779\" target=\"_blank\" rel=\"noopener noreferrer\">m\u00e9dias sociaux <\/a>sera \u00e9galement lanc\u00e9e dans les\u00a0prochains jours.<\/p>\n<p><strong>Voici quelques \u00e9tapes \u00e0 suivre pour passer \u00e0 l&#8217;ACTION!<\/strong> <strong>Participer \u00e0 la campagne est facile. Il suffit de suivre ces \u00e9tapes:<\/strong><\/p>\n<p>participer \u00e0 la campagne est facile. Il suffit de suivre ces \u00e9tapes:<\/p>\n<p>1. <a href=\"https:\/\/docs.google.com\/a\/arccc-cccaa.org\/forms\/d\/1ez9ltWQ8lALiZXITf9y-W8yrYe_hqc0gbqPPnSlz6Bc\/viewform\" target=\"_blank\" rel=\"noopener noreferrer\">Inscrivez-vous <\/a>-Pour faciliter le suivi de la campagne dispers\u00e9e \u00e0 travers le pays, nous souhaitons que ceux et celles qui amorcent une d\u00e9marche de rencontre avec leur d\u00e9put\u00e9 s&#8217;inscrivent sur le site de la Coalition. Votre inscription \u00e0 l&#8217;\u00e9v\u00e8nement Arts 308 permettra \u00e0 la Coalition d&#8217;identifier les d\u00e9put\u00e9s sollicit\u00e9s afin d&#8217;effectuer une coordination. Ainsi, la Coaltion pourra vous mettre en contact avec d&#8217;autres participants de votre circonscription et partager de l&#8217;information de rencontres pr\u00e9c\u00e9dentes entre des repr\u00e9sentants de la Coalition canadienne des arts et les d\u00e9put\u00e9s cibl\u00e9s.<\/p>\n<p>2. <a href=\"http:\/\/www.parl.gc.ca\/Parlinfo\/Compilations\/HouseofCommons\/MemberByPostalCode.aspx?Menu=HOC&amp;Language=F\" target=\"_blank\" rel=\"noopener noreferrer\">Localiser votre d\u00e9put\u00e9 <\/a>\u00e0 l&#8217;aide de votre code postal;<\/p>\n<p>3. Consulter <a href=\"http:\/\/www.parl.gc.ca\/HouseChamberBusiness\/ChamberCalendar.aspx?Language=F\" target=\"_blank\" rel=\"noopener noreferrer\">le calendrier de la chambre des communes <\/a>pour savoir \u00e0 quel moment le d\u00e9put\u00e9 est dans la circonscription (par ex. la semaine de la Journ\u00e9e du Souvenir, le 11 novembre);<\/p>\n<p>4. <a href=\"http:\/\/www.lacoalitioncanadiennedesarts.com\/archives\/772\" target=\"_blank\" rel=\"noopener noreferrer\">Visionner <\/a>les capsules de formation;<\/p>\n<p>5. Prendre un rendez-vous avec votre d\u00e9put\u00e9. <a href=\"http:\/\/www.arca.art\/fr\/files\/ressources\/Arts-308-Mod\u00e8le-de-demande-de-rencontre.doc\" target=\"_blank\" rel=\"noopener noreferrer\">Mod\u00e8le de lettre <\/a>;<\/p>\n<p>6. Imprimer le <a href=\"http:\/\/www.arca.art\/fr\/files\/ressources\/arts308_meeting_script_fr.doc\" target=\"_blank\" rel=\"noopener noreferrer\">sc\u00e9nario <\/a>de rencontre pr\u00e9par\u00e9 par la Coalition,\u00a0 et adapter et imprimer <a href=\"http:\/\/www.arca.art\/fr\/files\/ARCA_ARTS-308_FR.pdf\" target=\"_blank\" rel=\"noopener noreferrer\">le document interactif <\/a>\u00e0 remettre au d\u00e9put\u00e9 durant la rencontre.<\/p>\n<p>7. Produire <a href=\"http:\/\/www.arca.art\/fr\/files\/ressources\/arts308_meeting_report_form_fr.docx\" target=\"_blank\" rel=\"noopener noreferrer\">le rapport <\/a>de la rencontre \u00e0 transmettre \u00e0 la Coalition.<\/p>\n<p>La campagne Arts 308 reprend les trois recommandations du <a href=\"http:\/\/www.lacoalitioncanadiennedesarts.com\/archives\/742\" target=\"_blank\" rel=\"noopener noreferrer\">m\u00e9moire pr\u00e9budg\u00e9taire <\/a>de la Coalition canadienne des arts :<\/p>\n<p>Recommandation 1 : Stimuler la cr\u00e9ation d\u2019emplois et le d\u00e9veloppement \u00e9conomique en augmentant l\u2019allocation parlementaire annuelle au Conseil des arts du Canada d\u2019au moins 10 % en 2014-2015.<\/p>\n<p>Recommandation 2 : Que le gouvernement renouvelle ses investissements dans les fonds annonc\u00e9s en 2009, notamment dans le Fonds du Canada pour la formation dans le secteur des arts, le Fonds du Canada pour la pr\u00e9sentation des arts, le Fonds pour les espaces culturels et le Fonds pour l\u2019investissement en culture. Nous recommandons aussi l\u2019indexation de ces investissements suivant l\u2019indice du co\u00fbt de la vie afin de maintenir l\u2019impact de ces programmes.<\/p>\n<p>Recommandation 3 : Investir 5 millions $ par ann\u00e9e pendant cinq ans pour aligner la strat\u00e9gie culturelle de la diplomatie canadienne avec la strat\u00e9gie commerciale mondiale du Canada et profiter des possibilit\u00e9s de promotion des valeurs canadiennes et des int\u00e9r\u00eats commerciaux et culturels du pays dans les march\u00e9s cl\u00e9s et soutenir le d\u00e9veloppement des march\u00e9s culturels et artistiques au Canada et \u00e0 l\u2019\u00e9tranger.<\/p>\n<p>La Pacific Association of Artist-Run Centres a aussi produit une campagne bilingue intitul\u00e9e &#8220;Don&#8217;t Prorogue the Arts&#8221;, lanc\u00e9e symboliquement le jour m\u00eame que devait avoir lieu La journ\u00e9e des arts sur la colline, le 22 octobre 2013.<\/p>\n<p>Tenez nous inform\u00e9s de vos rencontres par courriel \u00e0 info@arccc-cccaa.org pour que la Coalition puisse faire le suivi.<\/p>\n<p>L\u2019ARCA souhaite remercier les co-pr\u00e9sidents Katherine Carleton et \u00c9ric Dubeau qui ont tous les deux annonc\u00e9 qu\u2019ils se retiraient en d\u00e9cembre, pour leur engagement de longue date. Le travail de repr\u00e9sentation de la Coalition sera assur\u00e9 par un comit\u00e9 directeur renouvell\u00e9.<\/p>\n","protected":false},"excerpt":{"rendered":"<p>\u00c9tant donn\u00e9 la prorogation parlementaire, la campagne Arts 308 remplace cette ann\u00e9e la Journ\u00e9e des arts sur la colline. La Coalition canadienne des arts encourage les d\u00e9fenseurs des arts \u00e0 prendre rendez-vous avec votre d\u00e9put\u00e9 d\u00e8s maintenant et avant les vacances de No\u00ebl, car c\u2019est durant cette p\u00e9riode que la majeure partie des d\u00e9cisions budg\u00e9taires sont prises. Si ce calendrier vous semble trop serr\u00e9, il sera tout de m\u00eame utile de tenir une rencontre d\u2019ici le d\u00e9voilement du Budget, en mars.<\/p>\n","protected":false},"author":2,"featured_media":0,"comment_status":"open","ping_status":"open","sticky":false,"template":"","format":"standard","meta":{"ngg_post_thumbnail":0,"footnotes":""},"categories":[23,14],"tags":[34,25],"class_list":["post-998","post","type-post","status-publish","format-standard","hentry","category-nouvelles","category-blogue","tag-la-coalition-canadienne-des-arts","tag-representation"],"_links":{"self":[{"href":"http:\/\/www.arca.art\/fr\/wp-json\/wp\/v2\/posts\/998","targetHints":{"allow":["GET"]}}],"collection":[{"href":"http:\/\/www.arca.art\/fr\/wp-json\/wp\/v2\/posts"}],"about":[{"href":"http:\/\/www.arca.art\/fr\/wp-json\/wp\/v2\/types\/post"}],"author":[{"embeddable":true,"href":"http:\/\/www.arca.art\/fr\/wp-json\/wp\/v2\/users\/2"}],"replies":[{"embeddable":true,"href":"http:\/\/www.arca.art\/fr\/wp-json\/wp\/v2\/comments?post=998"}],"version-history":[{"count":33,"href":"http:\/\/www.arca.art\/fr\/wp-json\/wp\/v2\/posts\/998\/revisions"}],"predecessor-version":[{"id":2398,"href":"http:\/\/www.arca.art\/fr\/wp-json\/wp\/v2\/posts\/998\/revisions\/2398"}],"wp:attachment":[{"href":"http:\/\/www.arca.art\/fr\/wp-json\/wp\/v2\/media?parent=998"}],"wp:term":[{"taxonomy":"category","embeddable":true,"href":"http:\/\/www.arca.art\/fr\/wp-json\/wp\/v2\/categories?post=998"},{"taxonomy":"post_tag","embeddable":true,"href":"http:\/\/www.arca.art\/fr\/wp-json\/wp\/v2\/tags?post=998"}],"curies":[{"name":"wp","href":"https:\/\/api.w.org\/{rel}","templated":true}]}}