{"id":557,"date":"2012-11-26T23:23:28","date_gmt":"2012-11-26T23:23:28","guid":{"rendered":"http:\/\/www.arca.art\/fr\/?p=557"},"modified":"2015-11-29T22:51:04","modified_gmt":"2015-11-29T22:51:04","slug":"larca-participe-a-la-journee-des-arts-sur-la-colline-parlementaire-ottawa-oct-2012","status":"publish","type":"post","link":"http:\/\/www.arca.art\/fr\/communiques-presse\/larca-participe-a-la-journee-des-arts-sur-la-colline-parlementaire-ottawa-oct-2012\/","title":{"rendered":"La journ\u00e9e des arts sur la colline parlementaire, Ottawa, 2012"},"content":{"rendered":"<div id=\"attachment_556\" style=\"width: 310px\" class=\"wp-caption alignleft\"><a href=\"http:\/\/www.arca.art\/fr\/files\/images\/image_CanadianArtsCoalition.jpg\"><img loading=\"lazy\" decoding=\"async\" aria-describedby=\"caption-attachment-556\" class=\"alignleft size-medium wp-image-556\" title=\"La journ\u00e9e des arts sur la colline, oct. 2012\" alt=\"\" src=\"http:\/\/www.arca.art\/fr\/files\/images\/image_CanadianArtsCoalition-300x150.jpg\" height=\"150\" width=\"300\" srcset=\"http:\/\/www.arca.art\/fr\/files\/images\/image_CanadianArtsCoalition-300x150.jpg 300w, http:\/\/www.arca.art\/fr\/files\/images\/image_CanadianArtsCoalition.jpg 700w\" sizes=\"auto, (max-width: 300px) 100vw, 300px\" \/><\/a><p id=\"caption-attachment-556\" class=\"wp-caption-text\">Clayton Windatt de la White Water gallery (North Bay, ON), Jacoba Knaapen de la Toronto Alliance for the Performing Arts, Susan McMaster de la League of Canadian Poets et Grant Troop de l&#8217;\u00c9cole nationale de ballet en rencontre avec les d\u00e9put\u00e9s.<\/p><\/div>\n<p>L\u2019ARCA est fi\u00e8re d\u2019avoir pris part \u00e0 la troisi\u00e8me \u00e9dition de la Journ\u00e9e des arts sur la Colline parlementaire organis\u00e9e par La Coalition canadienne des arts le lundi 23 octobre dernier avec un groupe de plus de 120 porte-parole du milieu des arts de partout au Canada. Distribu\u00e9s en petits groupes afin de rencontrer et \u00e9changer avec des s\u00e9nateurs, d\u00e9put\u00e9s et hauts-fonctionnaires \u00e0 l\u2019occasion de plus de 100 r\u00e9unions d\u2019une trentaine de minutes chacune, le but de l\u2019\u00e9v\u00e9nement \u00e9tait de pr\u00e9senter la richesse et pluralit\u00e9 des organismes en arts au Canada et de faire valoir le r\u00f4le que les politiques et programmes du secteur public joue dans leur r\u00e9alisation. Cette ann\u00e9e, la d\u00e9l\u00e9gation de l\u2019ARCA incluait Brenda Cleniuk (PARCA &amp; Neutral Ground, Regina), Todd Janes (AAARC &amp; Latitude 53, Edmonton), Lise Leblanc (directrice, AGAVF) et Anne Bertrand (directrice, ARCA) qui ont rencontr\u00e9s les parlementaires suivants :<\/p>\n<ul>\n<li>S\u00e9nateur Serge Joyal, District de Kennebec<\/li>\n<li>Linda Duncan, NPD, D\u00e9put\u00e9e Edmonton Strathcona<\/li>\n<li>Brian Jean, Conservateur, D\u00e9put\u00e9 de Fort McMurray-Athabasca<\/li>\n<li>Shawn Fried, Chef de cabinet du Ministre Ted Menzies, Conservateur, D\u00e9put\u00e9 de Macleod; Menzies est le Secr\u00e9taire parlementaire du Ministre des finances<\/li>\n<li>Laurie Hawn, Conservateur, D\u00e9put\u00e9e d\u2019Edmonton-Centre<\/li>\n<li>\u00c9laine Michaud, NPD, D\u00e9put\u00e9e de Portneuf-Jacques-Cartier<\/li>\n<li>Lysane Blanchette-Lamothe, NPD, D\u00e9put\u00e9e de Pierrefonds-Dollard<\/li>\n<li>Pierre-Luc Dusseault, NPD, D\u00e9put\u00e9 de Sherbrooke<\/li>\n<li>Francine Raynault, NPD, D\u00e9put\u00e9e de Joliette<\/li>\n<li>Fran\u00e7ois Lapointe, D\u00e9put\u00e9 de Montmagny-L\u2019Ilet-Kamouraska-Rivi\u00e8re-du-Loup<\/li>\n<\/ul>\n<p>La Coalition canadienne des arts travaille fort \u00e0 pr\u00e9parer les participants \u00e0 ces rencontres car il s\u2019agit d\u2019une occasion sans \u00e9gal pour livrer des messages cl\u00e9s avec coh\u00e9sion et efficacit\u00e9. L\u2019ARCA encourage d\u2019ailleurs tous les centres d\u2019artistes int\u00e9ress\u00e9s \u00e0 cr\u00e9er des liens avec les politiciens de leurs r\u00e9gions \u00e0 s\u2019approprier le mat\u00e9riel de repr\u00e9sentation d\u00e9velopp\u00e9 par La Coalition et \u00e0 l\u2019adapter \u00e0 leur r\u00e9alit\u00e9. Retrouv\u00e9 sous la rubrique <a href=\"http:\/\/www.lacoalitioncanadiennedesarts.com\/centre-daction\">Centre d\u2019action<\/a> du site de La coalition, ce mat\u00e9riel contient, entre autres, un feuillet qui \u00e9nonce clairement la contribution des arts \u00e0 l\u2019\u00e9conomie canadienne.<\/p>\n<p>La Coalition canadienne des arts a \u00e9galement pr\u00e9sent\u00e9 au Comit\u00e9 permanent des finances de la Chambre des communes un m\u00e9moire pr\u00e9budg\u00e9taire dans lequel elle demande au gouvernement de maintenir ses investissements importants dans les arts :<\/p>\n<ul>\n<li>En renouvellant ses investissements dans des fonds comme le Fonds du Canada pour la pr\u00e9sentation des arts, et<\/li>\n<li>En maintenant, pour l\u2019exercice 2013-2014, \u00e0 181 millions de dollars le niveau de financement qu\u2019il assure aux arts par l\u2019entremise du Conseil des Arts du Canada et,<\/li>\n<li>En envisageant de porter cet investissement \u00e0 300 millions de dollars par ann\u00e9e quand les circonstances le permettront.<\/li>\n<\/ul>\n<p>Suivre la Coalition et l\u2019ARCA sur Twitter @arccc-cccaa\u00a0 @ArtsCoalitionCa #journeedarts<\/p>\n<p>Adapter et exp\u00e9dier une <a href=\"http:\/\/www.lacoalitioncanadiennedesarts.com\/centre-daction\/envoyer-un-courriel-a-votre-depute\" target=\"_blank\">lettre <\/a>\u00e0 votre D\u00e9put\u00e9 IMM\u00c9DIATEMENT<\/p>\n<p>Lire <a href=\"\/fr\/files\/rapports\/rapport_tele_11dec2012.pdf\">le compte-rendu d&#8217;une t\u00e9l\u00e9-conf\u00e9rence de la Coalition canadienne des arts<\/a> (PDF)<\/p>\n<div>\n<hr \/>\n<\/div>\n","protected":false},"excerpt":{"rendered":"<p>L\u2019ARCA est fi\u00e8re d\u2019avoir pris part \u00e0 la troisi\u00e8me \u00e9dition de la Journ\u00e9e des arts sur la Colline parlementaire organis\u00e9e par La Coalition canadienne des arts le lundi 23 octobre dernier avec un groupe de plus de 120 porte-parole du milieu des arts de partout au Canada. Distribu\u00e9s en petits groupes afin de rencontrer et <a href=\"http:\/\/www.arca.art\/fr\/communiques-presse\/larca-participe-a-la-journee-des-arts-sur-la-colline-parlementaire-ottawa-oct-2012\/\" title=\"Read La journ\u00e9e des arts sur la colline parlementaire, Ottawa, 2012\">&raquo;&raquo;<\/a><\/p>\n","protected":false},"author":2,"featured_media":556,"comment_status":"open","ping_status":"open","sticky":false,"template":"","format":"standard","meta":{"ngg_post_thumbnail":0,"footnotes":""},"categories":[23,9],"tags":[34],"class_list":["post-557","post","type-post","status-publish","format-standard","has-post-thumbnail","hentry","category-nouvelles","category-communiques-presse","tag-la-coalition-canadienne-des-arts"],"_links":{"self":[{"href":"http:\/\/www.arca.art\/fr\/wp-json\/wp\/v2\/posts\/557","targetHints":{"allow":["GET"]}}],"collection":[{"href":"http:\/\/www.arca.art\/fr\/wp-json\/wp\/v2\/posts"}],"about":[{"href":"http:\/\/www.arca.art\/fr\/wp-json\/wp\/v2\/types\/post"}],"author":[{"embeddable":true,"href":"http:\/\/www.arca.art\/fr\/wp-json\/wp\/v2\/users\/2"}],"replies":[{"embeddable":true,"href":"http:\/\/www.arca.art\/fr\/wp-json\/wp\/v2\/comments?post=557"}],"version-history":[{"count":14,"href":"http:\/\/www.arca.art\/fr\/wp-json\/wp\/v2\/posts\/557\/revisions"}],"predecessor-version":[{"id":689,"href":"http:\/\/www.arca.art\/fr\/wp-json\/wp\/v2\/posts\/557\/revisions\/689"}],"wp:featuredmedia":[{"embeddable":true,"href":"http:\/\/www.arca.art\/fr\/wp-json\/wp\/v2\/media\/556"}],"wp:attachment":[{"href":"http:\/\/www.arca.art\/fr\/wp-json\/wp\/v2\/media?parent=557"}],"wp:term":[{"taxonomy":"category","embeddable":true,"href":"http:\/\/www.arca.art\/fr\/wp-json\/wp\/v2\/categories?post=557"},{"taxonomy":"post_tag","embeddable":true,"href":"http:\/\/www.arca.art\/fr\/wp-json\/wp\/v2\/tags?post=557"}],"curies":[{"name":"wp","href":"https:\/\/api.w.org\/{rel}","templated":true}]}}