{"id":2325,"date":"2020-01-24T14:34:27","date_gmt":"2020-01-24T14:34:27","guid":{"rendered":"http:\/\/www.arca.art\/fr\/?p=2325"},"modified":"2020-02-19T17:40:23","modified_gmt":"2020-02-19T17:40:23","slug":"larca-dans-la-poche-29","status":"publish","type":"post","link":"http:\/\/www.arca.art\/fr\/nouvelles\/larca-dans-la-poche-29\/","title":{"rendered":"l&#8217;arca dans la poche #29"},"content":{"rendered":"<p><a href=\"http:\/\/www.arca.art\/fr\/files\/Vignette-gabarit-dans-la-poche-29.png\"><img loading=\"lazy\" decoding=\"async\" class=\"size-full wp-image-2326 alignleft\" src=\"http:\/\/www.arca.art\/fr\/files\/Vignette-gabarit-dans-la-poche-29.png\" alt=\"\" width=\"320\" height=\"160\" srcset=\"http:\/\/www.arca.art\/fr\/files\/Vignette-gabarit-dans-la-poche-29.png 320w, http:\/\/www.arca.art\/fr\/files\/Vignette-gabarit-dans-la-poche-29-150x75.png 150w, http:\/\/www.arca.art\/fr\/files\/Vignette-gabarit-dans-la-poche-29-300x150.png 300w\" sizes=\"auto, (max-width: 320px) 100vw, 320px\" \/><\/a>INFOLETTRE: L\u2019ARCA DANS LA POCHE #29\u2014\u00e0 la UNE: L\u2019ARCA est fi\u00e8re de collaborer avec la b\u00e9d\u00e9iste et cin\u00e9aste d\u2019animation, Diane Obomsawin, alias Obom, qui illustrera l\u2019\u00e9dition 2020 des infolettres l\u2019arca dans la poche \u2013 in the loop. Bienvenue, Diane!! + Nouvelles des membres + La litt\u00e9ratie num\u00e9rique en six micro-bouch\u00e9es + L&#8217;ARCA a 15 ans!<\/p>\n<p>&nbsp;<\/p>\n<p>&nbsp;<\/p>\n<p>&nbsp;<\/p>\n<p>&nbsp;<\/p>\n<ul>\n<li>\u00c0 la UNE.<\/li>\n<\/ul>\n<p><strong>L\u2019<\/strong>ARCA est fi\u00e8re de collaborer avec la b\u00e9d\u00e9iste et cin\u00e9aste d\u2019animation,\u00a0<strong>Diane Obomsawin<\/strong>, alias\u00a0<strong>Obom<\/strong>, qui illustrera l\u2019\u00e9dition 2020 des infolettres l\u2019arca dans la poche \u2013 in the loop. Bienvenue, Diane!<\/p>\n<p>Diane publie ses bandes dessin\u00e9es \u00e0\u00a0<a href=\"http:\/\/www.oiedecravan.com\/cat\/catalogue.php?v=a&amp;id=24&amp;lang=fr\" target=\"_blank\" rel=\"noopener noreferrer\">L\u2019Oie de Cravan<\/a>\u00a0et, en anglais, chez\u00a0<a href=\"https:\/\/www.drawnandquarterly.com\/author\/diane-obomsawin\" target=\"_blank\" rel=\"noopener noreferrer\">Drawn &amp; Quarterly<\/a>. Elle a r\u00e9alis\u00e9 plusieurs films \u00e0 titre de cin\u00e9aste ind\u00e9pendante et six \u0153uvres d\u2019auteur, en collaboration avec l\u2019<a href=\"https:\/\/www.onf.ca\/cineastes\/diane-obomsawin\/\" target=\"_blank\" rel=\"noopener noreferrer\">Office national du film du Canada<\/a>. Au fil des ans, elle a cr\u00e9\u00e9 un type de r\u00e9cit bien \u00e0 elle, teint\u00e9 de na\u00efvet\u00e9 et de r\u00e9serve, empreint d\u2019humour et de grande humanit\u00e9, qui int\u00e8gre fr\u00e9quemment des d\u00e9tails autobiographiques. Toutes ses \u0153uvres sont impr\u00e9gn\u00e9es de gravit\u00e9 et de candeur, tant par leur propos que par la simplicit\u00e9 du dessin. Cet \u00e9tonnant \u00e9quilibre leur procure une qualit\u00e9 de fable urbaine, po\u00e9tique et bien ancr\u00e9e dans le r\u00e9el. Depuis 2012, elle aborde \u00e9galement l\u2019installation, ce qui lui permet d\u2019ancrer autrement ses mythes et ses visions oniriques dans le temps et l\u2019espace.<\/p>\n<p><a href=\"http:\/\/www.dianeobomsawin.com\/dianeobomsawin\/Obom.html\" target=\"_blank\" rel=\"noopener noreferrer\">Site web de l\u2019artiste<\/a>.<\/p>\n<p>&nbsp;<\/p>\n<a href=\"http:\/\/www.arca.art\/fr\/files\/99b42ef3-7824-4786-a31a-b7007536c16d.gif\"><img loading=\"lazy\" decoding=\"async\" class=\"wp-image-2327 alignleft\" src=\"http:\/\/www.arca.art\/fr\/files\/99b42ef3-7824-4786-a31a-b7007536c16d-1024x562.gif\" alt=\"\" width=\"581\" height=\"319\" srcset=\"http:\/\/www.arca.art\/fr\/files\/99b42ef3-7824-4786-a31a-b7007536c16d-1024x562.gif 1024w, http:\/\/www.arca.art\/fr\/files\/99b42ef3-7824-4786-a31a-b7007536c16d-150x82.gif 150w, http:\/\/www.arca.art\/fr\/files\/99b42ef3-7824-4786-a31a-b7007536c16d-300x165.gif 300w, http:\/\/www.arca.art\/fr\/files\/99b42ef3-7824-4786-a31a-b7007536c16d-768x421.gif 768w\" sizes=\"auto, (max-width: 581px) 100vw, 581px\" \/><\/a>\n<p>&nbsp;<\/p>\n<p>Cr\u00e9dits : Obom, <em>Spock &amp; Tweety bird<\/em>, 1916, collage.<\/p>\n<p>&nbsp;<\/p>\n<p>&nbsp;<\/p>\n<p>&nbsp;<\/p>\n<p>&nbsp;<\/p>\n<p>&nbsp;<\/p>\n<p>&nbsp;<\/p>\n<p>&nbsp;<\/p>\n<p>&nbsp;<\/p>\n<ul>\n<li style=\"list-style-type: none\">\n<ul><\/ul>\n<\/li>\n<\/ul>\n<p>&nbsp;<\/p>\n<ul>\n<li style=\"list-style-type: none\">\n<ul><\/ul>\n<\/li>\n<\/ul>\n<p>&nbsp;<\/p>\n<ul>\n<li style=\"list-style-type: none\">\n<ul><\/ul>\n<\/li>\n<\/ul>\n<p>&nbsp;<\/p>\n<ul>\n<li>Terres \u00e0 traverser. Un rassemblement de centre d\u2019artistes autog\u00e9r\u00e9s en Alberta \/ Sophia Bartholomew<\/li>\n<\/ul>\n<p><strong>L<\/strong>e comit\u00e9 d\u2019organisation du rassemblement\u00a0<a href=\"https:\/\/www.landstotravelthrough.ca\/fr\" target=\"_blank\" rel=\"noopener noreferrer\">Terres \u00e0 traverser<\/a>\u00a0r\u00e9unit les directrices de sept organisations albertaines autog\u00e9r\u00e9es, membres de l\u2019Alberta Association of Artist-Run Centres (AAARC):\u00a0<a href=\"https:\/\/www.aaarc.ca\/\" target=\"_blank\" rel=\"noopener noreferrer\">Alberta Association of Artist-Run Centres<\/a>\u00a0(AAARC) \u2013\u00a0<a href=\"https:\/\/www.latitude53.org\/\" target=\"_blank\" rel=\"noopener noreferrer\">Latitude 53<\/a>,\u00a0<a href=\"http:\/\/www.ociciwan.ca\/\" target=\"_blank\" rel=\"noopener noreferrer\">Ociciwan Contemporary Art Collective<\/a>,\u00a0<a href=\"https:\/\/snapartists.com\/\" target=\"_blank\" rel=\"noopener noreferrer\">SNAP<\/a>,\u00a0<a href=\"http:\/\/www.stride.ab.ca\/\" target=\"_blank\" rel=\"noopener noreferrer\">Stride Gallery<\/a>,\u00a0<a href=\"http:\/\/www.thenewgallery.org\/\" target=\"_blank\" rel=\"noopener noreferrer\">The New Gallery<\/a>,\u00a0<a href=\"http:\/\/www.truck.ca\/\" target=\"_blank\" rel=\"noopener noreferrer\">TRUCK Contemporary Art<\/a>\u00a0et\u00a0<a href=\"https:\/\/www.uascalgary.org\/\" target=\"_blank\" rel=\"noopener noreferrer\">Untitled Art Society<\/a>\u00a0, en partenariat avec l\u2019ARCA, et avec le g\u00e9n\u00e9reux soutien du Conseil des arts du Canada, Patrimoine canadien et le Calgary Arts Development.\u00a0Nous sommes par ailleurs heureuses de collaborer avec deux commissaires d\u2019Edmonton \u2013\u00a0<a href=\"http:\/\/cbattle.com\/\" target=\"_blank\" rel=\"noopener noreferrer\">Christina Battle<\/a>\u00a0et l\u2019<a href=\"http:\/\/www.ociciwan.ca\/\" target=\"_blank\" rel=\"noopener noreferrer\">Ociciwan Contemporary Art Collective<\/a>\u00a0\u2013 pour aborder la question de la bienveillance, du partage des ressources et de la r\u00e9habilitation. Ces vastes th\u00e9matiques feront l\u2019objet, \u00e0 Mohkinstsis\/Calgary, d\u2019une programmation vari\u00e9e o\u00f9 se m\u00ealeront ateliers, conversations, cr\u00e9ation artistique, repas et performances.<\/p>\n<p>L\u2019inscription des d\u00e9l\u00e9gu\u00e9s et d\u00e9l\u00e9gu\u00e9es commencera \u00e0 la fin de f\u00e9vrier. Des \u00e9l\u00e9ments importants de la programmation seront \u00e9galement d\u00e9voil\u00e9s \u00e0 ce moment.<\/p>\n<p><strong>Bref, \u00e0 vos calendriers : c\u2019est du 5 au 8 ao\u00fbt 2020.<\/strong><\/p>\n<p>&nbsp;<\/p>\n<a href=\"http:\/\/www.arca.art\/fr\/files\/7e0c94d5-00ad-41e9-b1a0-07dedf2062e9.png\"><img loading=\"lazy\" decoding=\"async\" class=\"wp-image-2328 alignleft\" src=\"http:\/\/www.arca.art\/fr\/files\/7e0c94d5-00ad-41e9-b1a0-07dedf2062e9.png\" alt=\"\" width=\"360\" height=\"458\" srcset=\"http:\/\/www.arca.art\/fr\/files\/7e0c94d5-00ad-41e9-b1a0-07dedf2062e9.png 512w, http:\/\/www.arca.art\/fr\/files\/7e0c94d5-00ad-41e9-b1a0-07dedf2062e9-118x150.png 118w, http:\/\/www.arca.art\/fr\/files\/7e0c94d5-00ad-41e9-b1a0-07dedf2062e9-236x300.png 236w\" sizes=\"auto, (max-width: 360px) 100vw, 360px\" \/><\/a>\n<p>&nbsp;<\/p>\n<p>De gauche \u00e0 droite : Su Ying Strang (The New Gallery), Natasha Chaykowski (Untitled Art Society), Becca Taylor (Ociciwan Contemporary Art Collective), April Dean (SNAP), Christina Battle, Ginger Carlson (TRUCK Contemporary Art), sophia bartholomew (coordonnatrice des activit\u00e9s du comit\u00e9 d\u2019organisation), Michelle Schultz (Latitude 53) et Areum Kim (Stride Gallery).<\/p>\n<p>Photo: Roseanna Joy Nay.<\/p>\n<p>&nbsp;<\/p>\n<p>&nbsp;<\/p>\n<p>&nbsp;<\/p>\n<p>&nbsp;<\/p>\n<p>&nbsp;<\/p>\n<p>&nbsp;<\/p>\n<p>&nbsp;<\/p>\n<p>&nbsp;<\/p>\n<p>&nbsp;<\/p>\n<ul>\n<li style=\"list-style-type: none\">\n<ul><\/ul>\n<\/li>\n<\/ul>\n<p>&nbsp;<\/p>\n<ul>\n<li style=\"list-style-type: none\">\n<ul><\/ul>\n<\/li>\n<\/ul>\n<p>&nbsp;<\/p>\n<ul>\n<li style=\"list-style-type: none\">\n<ul><\/ul>\n<\/li>\n<\/ul>\n<p>&nbsp;<\/p>\n<ul>\n<li style=\"list-style-type: none\">\n<ul><\/ul>\n<\/li>\n<\/ul>\n<p>&nbsp;<\/p>\n<ul>\n<li>La litt\u00e9ratie num\u00e9rique en six micro-bouch\u00e9es.<\/li>\n<\/ul>\n<p><a href=\"http:\/\/www.arca.art\/fr\/ressources\/les-leviers-de-la-decouvrabilite\/\">\u00cates-vous un(e) illettr\u00e9(e) num\u00e9rique<\/a>?<\/p>\n<p>&nbsp;<\/p>\n<ul>\n<li>L\u2019ARCA a 15 ans.<\/li>\n<\/ul>\n<p><strong>L<\/strong>e 5 mai 2020 marquera la date du 15e anniversaire de l\u2019incorporation officielle de l\u2019ARCCC-CCCAA (dit ARCA). Pour marquer cet anniversaire, l\u2019ARCA a embauch\u00e9 l\u2019archiviste Lucie Bureau pour accompagner le personnel dans le traitement des archives historiques, d\u00e9marche qui nous replonge dans les documents qui remontent \u00e0 l\u2019an 2003, et qui t\u00e9moignent des discussions, recherches et propositions qui ont men\u00e9 \u00e0 la fondation de l\u2019ARCA. Bien que plusieurs acteurs du milieu des centres d\u2019artistes de l\u2019\u00e9poque aient particip\u00e9 aux discussions tenues en marge des conf\u00e9rences nationales\u00a0<em>Convergence<\/em>\u00a0(2002),\u00a0<em>Tir\u00e9 \u00e0 Part<\/em>\u00a0(2003) et\u00a0<em>INFest\u00a0<\/em>(2004), c\u2019est le leadership de Jewel Goodwyn, Bastien Gilbert, Cindy Baker, Jonathan Middleton et Steve Loft constitu\u00e9 en groupe de travail qui aura permis d\u2019aboutir \u00e0 cette association pancanadienne. Une lecture des proc\u00e8s verbaux des rencontres, dont certaines avec le Conseil des arts du Canada et avec la Politique des arts du Minist\u00e8re du Patrimoine, d\u2019autres avec les travailleurs et travailleuses du r\u00e9seau, r\u00e9v\u00e8le que plusieurs des enjeux de l\u2019\u00e9poque sont toujours sur la table aujourd\u2019hui : l\u2019\u00e9quit\u00e9, l\u2019autonomie des associations r\u00e9gionales, la repr\u00e9sentation de caucus identitaires et disciplinaires, la pr\u00e9carit\u00e9 de l\u2019emploi et les conditions de travail, la gouvernance.\u00a0\u00a0<a href=\"http:\/\/www.arca.art\/fr\/nouvelles\/larca-a-15-ans\/\" target=\"_blank\" rel=\"noopener noreferrer\"><strong>&gt;&gt;<\/strong><\/a><\/p>\n<p>&nbsp;<\/p>\n<ul>\n<li>Nouvelles des membres (lire les nouvelles compl\u00e8tes <a href=\"http:\/\/www.arca.art\/fr\/nouvelles-membres\/nouvelles-des-membres\/\">ici<\/a>)<\/li>\n<\/ul>\n<p><strong>Association des groupe en arts visuels francophones<br \/>\n(AGAVF)\u00a0<\/strong><\/p>\n<ul>\n<li>Appels \u00e0 propositions <a href=\"http:\/\/www.arca.art\/fr\/files\/Appel-INCUBATEUR-EN-COMMISSARIAT-2020_.pdf\" target=\"_blank\" rel=\"noopener noreferrer\"><em>Incubateur en commissariat<\/em><\/a>. Date limite: 2 mars 2020. <a href=\"http:\/\/www.arca.art\/fr\/nouvelles-membres\/nouvelles-des-membres\/\" target=\"_blank\" rel=\"noopener noreferrer\"><strong>&gt;&gt;<\/strong><\/a><\/li>\n<li>Rencontres en Acadie, Ontario, et dans l&#8217;Ouest. <a href=\"http:\/\/www.arca.art\/en\/membership-news\/news-from-the-membership\/\" target=\"_blank\" rel=\"noopener noreferrer\"><strong>&gt;&gt;<\/strong><\/a><\/li>\n<\/ul>\n<p><strong>Regroupement des centres d\u2019artistes autog\u00e9r\u00e9s du Qu\u00e9bec<br \/>\n(RCAAQ)<\/strong><\/p>\n<p>Une d\u00e9marche d\u2019int\u00e9gration du Regroupement des centres d\u2019artistes autog\u00e9r\u00e9s du Qu\u00e9bec (RCAAQ) avec le Conseil qu\u00e9b\u00e9cois des arts m\u00e9diatiques (CQAM) et le Regroupement des arts interdisciplinaires du Qu\u00e9bec (RAIQ) amorc\u00e9e il y a d\u00e9j\u00e0 quelques ann\u00e9es, entre dans une phase nouvelle avec le recrutement d\u2019une ressource, au d\u00e9but de f\u00e9vrier, charg\u00e9e de coordonner le chantier qui doit mener \u00e0 cette int\u00e9gration.\u00a0<a href=\"http:\/\/www.arca.art\/fr\/nouvelles-membres\/nouvelles-des-membres\/\" target=\"_blank\" rel=\"noopener noreferrer\"><strong>&gt;&gt;<\/strong><\/a><\/p>\n<p><strong>Association of Artist-Run Centres and Collectives of Ontario<br \/>\n(ARCCO)<\/strong><\/p>\n<p>Le 25 novembre 2019, ARCCO a convoqu\u00e9 ses membres lors d\u2019une assembl\u00e9e sp\u00e9ciale pour les consulter et lancer un processus de r\u00e9organisation.\u00a0\u00a0<a href=\"http:\/\/www.arca.art\/fr\/nouvelles-membres\/nouvelles-des-membres\/\" target=\"_blank\" rel=\"noopener noreferrer\"><strong>&gt;&gt;<\/strong><\/a><\/p>\n<p><strong>Plains Artist-Run Centres Association<br \/>\n(PARCA)<\/strong><\/p>\n<p>PARCA a rassembl\u00e9 ses membres lors de sa r\u00e9union annuelle \u00e0 Neutral Ground, \u00e0 Regina, au d\u00e9but de d\u00e9cembre.\u00a0\u00a0<a href=\"http:\/\/www.arca.art\/fr\/nouvelles-membres\/nouvelles-des-membres\/\" target=\"_blank\" rel=\"noopener noreferrer\"><strong>&gt;&gt;<\/strong><\/a><\/p>\n<p>&nbsp;<\/p>\n<ul>\n<li>e-ajouts \/ e-artexe.<\/li>\n<\/ul>\n<p>Clausen, Barbara and Boivin, Jade and Choquette, Emmanuelle. <a href=\"https:\/\/e-artexte.ca\/id\/eprint\/31500\/\"><em>Une bibliographie comment\u00e9e en temps r\u00e9el : l&#8217;art de la performance au Qu\u00e9bec et au Canada = An Annotated Bibliography in Real Time : Performance Art in Quebec and Canada<\/em><\/a>. Montr\u00e9al, Qc: Artexte, 2019.<\/p>\n<p>&nbsp;<\/p>\n<ul>\n<li>Appels.<\/li>\n<\/ul>\n<p><em>* Consultez aussi\u00a0<a href=\"http:\/\/directory.arca.art\/fr\" target=\"_blank\" rel=\"noopener noreferrer\">Le R\u00e9pertoire<\/a> en ligne de l\u2019ARCA pour conna\u00eetre les plus r\u00e9cents appels de dossiers des centres d\u2019artistes.<\/em><\/p>\n<p>+<\/p>\n<p>John Hobday Awards in Arts Management \/<br \/>\nPrix John-Hobday en gestion des arts<br \/>\nDeadline\/Tomb\u00e9e: 1er mars 2020<br \/>\n&gt;\u00a0<a href=\"https:\/\/mailchi.mp\/fcc5b7c8a3af\/calling-all-canadian-arts-managers-appel-tous-les-gestionnaires-des-arts-au-canada-1043209?e=b710229efc\" target=\"_blank\" rel=\"noopener noreferrer\">Info<\/a><\/p>\n<p>Artspace: Erring at King George<br \/>\nDeadline\/Tomb\u00e9e: 2 f\u00e9vrier 2020<br \/>\n&gt;\u00a0<a href=\"https:\/\/artspace-arc.org\/calls\/call-for-submission\/\" target=\"_blank\" rel=\"noopener noreferrer\">Info<\/a><\/p>\n<p>Appel de dossiers: Universit\u00e9 Laval<br \/>\nDeadline\/Tomb\u00e9e: 25 janvier 2020<br \/>\n&gt;\u00a0<a href=\"https:\/\/www.bve.ulaval.ca\/nouvelles\/appel-de-dossiers-exposition-collective-eclipse-obscurcir-reveler\/\" target=\"_blank\" rel=\"noopener noreferrer\">Info<\/a><\/p>\n<p>Call for submissions: Art Gallery of St. Albert<br \/>\nDeadline\/Tomb\u00e9e: 13 f\u00e9vrier 2020<br \/>\n&gt;\u00a0<a href=\"http:\/\/artgalleryofstalbert.ca\/call-for-submissions\/\" target=\"_blank\" rel=\"noopener noreferrer\">Info<\/a><\/p>\n<p>Call for Artists and Projects 2020: ARTErra Residency<br \/>\nDeadline\/Tomb\u00e9e: 15 mars 2020<br \/>\n&gt;\u00a0<a href=\"https:\/\/form.jotformeu.com\/ARTErra\/arterra-application\" target=\"_blank\" rel=\"noopener noreferrer\">Info<\/a><\/p>\n<p>Appel \u00e0 projets : Centre d\u2019arts visuels de l\u2019Alberta (Le CAVA)<br \/>\nDeadline\/Tomb\u00e9e : 15 f\u00e9vrier 2020<br \/>\n&gt;\u00a0<a href=\"https:\/\/www.carfacalberta.com\/2020\/01\/08\/edmonton-appel-a-projets-espace-exploration-programmation-2020-2021\/\" target=\"_blank\" rel=\"noopener noreferrer\">Info<\/a><\/p>\n<p>Call for submissions : Supercrawl<br \/>\nDeadline\/Tomb\u00e9e: 31 janvier 2020<br \/>\n&gt;\u00a0<a href=\"https:\/\/supercrawl.ca\/2020-call-for-visual-art\/\" target=\"_blank\" rel=\"noopener noreferrer\">Info<\/a><\/p>\n<p>Call for proposals : Left of Main<br \/>\nDeadline\/Tomb\u00e9e: 1er f\u00e9vrier 2020<br \/>\n&gt;\u00a0<a href=\"https:\/\/www.leftofmain.com\/request-for-proposals\" target=\"_blank\" rel=\"noopener noreferrer\">Info<\/a><\/p>\n<p>Appel d\u2019offres : Association acadienne des artistes professionnel.le.s du Nouveau-Brunswick (Shediac)<br \/>\nDeadline\/Tomb\u00e9e: 31 janvier 2020<br \/>\n&gt;\u00a0<a href=\"http:\/\/www.aaapnb.ca\/ftp\/appel-offres-Shediac-AAAPNB-decembre2019.pdf\" target=\"_blank\" rel=\"noopener noreferrer\">Info<\/a><\/p>\n<p>Appel d\u2019offres : Association acadienne des artistes professionnel.le.s du Nouveau-Brunswick (Saint-Quentin)<br \/>\nDeadline\/Tomb\u00e9e: 31 janvier 2020<br \/>\n&gt;\u00a0<a href=\"http:\/\/www.aaapnb.ca\/ftp\/appel-offres-Saint-Quentin-AAAPNB-decembre2019.pdf\" target=\"_blank\" rel=\"noopener noreferrer\">Info<\/a><\/p>\n<p>Appel de dossiers : Culture Trois-Rivi\u00e8res<br \/>\nDeadline\/Tomb\u00e9e: 1er f\u00e9vrier 2020<br \/>\n&gt;\u00a0<a href=\"https:\/\/www.cultur3r.com\/arts-visuels\/appel-de-dossiers\/\" target=\"_blank\" rel=\"noopener noreferrer\">Info<\/a><\/p>\n<p>Call for submissions : Never Was Average<br \/>\nDeadline\/Tomb\u00e9e: 30 janvier 2020<br \/>\n&gt;\u00a0<a href=\"https:\/\/neverwasaverage.com\/blackabundance20\" target=\"_blank\" rel=\"noopener noreferrer\">Info<\/a><\/p>\n<p>Appel de texte : esse arts + opinions num\u00e9ro 100<br \/>\nDeadline\/Tomb\u00e9e : 1er avril 2020<br \/>\n&gt;\u00a0<a href=\"https:\/\/esse.ca\/sites\/esse.ca\/files\/esse100_futurite_fr_final.pdf\" target=\"_blank\" rel=\"noopener noreferrer\">Info<\/a><\/p>\n<p>Call for applications : RAW Acad\u00e9mie<br \/>\nDeadline\/Tomb\u00e9e: 31 janvier 2020<br \/>\n&gt;\u00a0<a href=\"http:\/\/www.rawmaterialcompany.org\/_3298\" target=\"_blank\" rel=\"noopener noreferrer\">Info<\/a><\/p>\n<p>Open Call for Artworks and Curatorial Proposals : Vector Festival 2020<br \/>\nDeadline\/Tomb\u00e9e: 1er f\u00e9vrier 2020<br \/>\n&gt;\u00a0<a href=\"http:\/\/vectorfestival.org\/\" target=\"_blank\" rel=\"noopener noreferrer\">Info<\/a><\/p>\n<p>Call for proposals : Art In the Open<br \/>\nDeadline\/Tomb\u00e9e: 3 avril 2020<br \/>\n&gt;\u00a0<a href=\"https:\/\/artintheopenpei.com\/submissions\/\" target=\"_blank\" rel=\"noopener noreferrer\">Info<\/a><\/p>\n<p>Call for proposals : City of Surrey&#8217;s 2020 Public Art Banners<br \/>\nDeadline\/Tomb\u00e9e: 31 janvier 2020<br \/>\n&gt;\u00a0<a href=\"https:\/\/www.surrey.ca\/culture-recreation\/30520.aspx\" target=\"_blank\" rel=\"noopener noreferrer\">Info<\/a><\/p>\n","protected":false},"excerpt":{"rendered":"<p><a href=\"http:\/\/www.arca.art\/fr\/files\/Vignette-gabarit-dans-la-poche-29.png\"><\/a> INFOLETTRE: L\u2019ARCA DANS LA POCHE #29\u2014\u00e0 la UNE: L\u2019ARCA est fi\u00e8re de collaborer avec la b\u00e9d\u00e9iste et cin\u00e9aste d\u2019animation, Diane Obomsawin, alias Obom, qui illustrera l\u2019\u00e9dition 2020 des infolettres l\u2019arca dans la poche \u2013 in the loop. Bienvenue, Diane!! + Nouvelles des membres + La litt\u00e9ratie num\u00e9rique en six micro-bouch\u00e9es + L&#8217;ARCA a 15 ans! <a href=\"http:\/\/www.arca.art\/fr\/nouvelles\/larca-dans-la-poche-29\/\" title=\"Read l&#8217;arca dans la poche #29\">&raquo;&raquo;<\/a><\/p>\n","protected":false},"author":2,"featured_media":2329,"comment_status":"open","ping_status":"open","sticky":false,"template":"","format":"standard","meta":{"ngg_post_thumbnail":0,"footnotes":""},"categories":[23,58],"tags":[44,48,16,101,46],"class_list":["post-2325","post","type-post","status-publish","format-standard","has-post-thumbnail","hentry","category-nouvelles","category-bulletin","tag-aarca","tag-agavf","tag-arcco","tag-parca","tag-rcaaq"],"_links":{"self":[{"href":"http:\/\/www.arca.art\/fr\/wp-json\/wp\/v2\/posts\/2325","targetHints":{"allow":["GET"]}}],"collection":[{"href":"http:\/\/www.arca.art\/fr\/wp-json\/wp\/v2\/posts"}],"about":[{"href":"http:\/\/www.arca.art\/fr\/wp-json\/wp\/v2\/types\/post"}],"author":[{"embeddable":true,"href":"http:\/\/www.arca.art\/fr\/wp-json\/wp\/v2\/users\/2"}],"replies":[{"embeddable":true,"href":"http:\/\/www.arca.art\/fr\/wp-json\/wp\/v2\/comments?post=2325"}],"version-history":[{"count":5,"href":"http:\/\/www.arca.art\/fr\/wp-json\/wp\/v2\/posts\/2325\/revisions"}],"predecessor-version":[{"id":2334,"href":"http:\/\/www.arca.art\/fr\/wp-json\/wp\/v2\/posts\/2325\/revisions\/2334"}],"wp:featuredmedia":[{"embeddable":true,"href":"http:\/\/www.arca.art\/fr\/wp-json\/wp\/v2\/media\/2329"}],"wp:attachment":[{"href":"http:\/\/www.arca.art\/fr\/wp-json\/wp\/v2\/media?parent=2325"}],"wp:term":[{"taxonomy":"category","embeddable":true,"href":"http:\/\/www.arca.art\/fr\/wp-json\/wp\/v2\/categories?post=2325"},{"taxonomy":"post_tag","embeddable":true,"href":"http:\/\/www.arca.art\/fr\/wp-json\/wp\/v2\/tags?post=2325"}],"curies":[{"name":"wp","href":"https:\/\/api.w.org\/{rel}","templated":true}]}}