{"id":2206,"date":"2019-10-11T13:59:10","date_gmt":"2019-10-11T13:59:10","guid":{"rendered":"http:\/\/www.arca.art\/fr\/?p=2206"},"modified":"2020-04-03T18:09:23","modified_gmt":"2020-04-03T18:09:23","slug":"larca-dans-la-poche-26","status":"publish","type":"post","link":"http:\/\/www.arca.art\/fr\/bulletin\/larca-dans-la-poche-26\/","title":{"rendered":"l\u2019arca dans la poche \u2014 # 26"},"content":{"rendered":"<p><a href=\"http:\/\/www.arca.art\/fr\/files\/ARCA_vignette-no-16.png\"><img loading=\"lazy\" decoding=\"async\" class=\"size-full wp-image-2207 alignleft\" src=\"http:\/\/www.arca.art\/fr\/files\/ARCA_vignette-no-16.png\" alt=\"\" width=\"320\" height=\"160\" srcset=\"http:\/\/www.arca.art\/fr\/files\/ARCA_vignette-no-16.png 320w, http:\/\/www.arca.art\/fr\/files\/ARCA_vignette-no-16-150x75.png 150w, http:\/\/www.arca.art\/fr\/files\/ARCA_vignette-no-16-300x150.png 300w\" sizes=\"auto, (max-width: 320px) 100vw, 320px\" \/><\/a>l\u2019arca in the loop \u2014 dans la poche #26 :: Prochaine conf\u00e9rence biennale de centres d\u2019artistes autog\u00e9r\u00e9s en Alberta: Terres \u00e0 traverser \/ Un rassemblement d\u2019artistes et de centres d\u2019artistes autog\u00e9r\u00e9s. \u00c0 inscrire au calendrier: 5-8 ao\u00fbt 2020. Date limite pour soumettre un projet: 18 novembre 2019. Avis sur l\u2019\u00e9tat de la proposition: 27 janvier 2020.<\/p>\n<p>&nbsp;<\/p>\n<p>&nbsp;<\/p>\n<p>&nbsp;<\/p>\n<p>&nbsp;<\/p>\n<p><strong>\u2022\u00a0\u2022\u00a0\u2022<\/strong><br \/>\n<strong>\u00c0 LA UNE<\/strong><\/p>\n<p><a href=\"http:\/\/www.arca.art\/fr\/files\/a46bea9e-cc45-4f28-8958-43c8b6fac3a5.jpg\"><img loading=\"lazy\" decoding=\"async\" class=\"alignnone size-full wp-image-2239\" src=\"http:\/\/www.arca.art\/fr\/files\/a46bea9e-cc45-4f28-8958-43c8b6fac3a5.jpg\" alt=\"\" width=\"300\" height=\"180\" srcset=\"http:\/\/www.arca.art\/fr\/files\/a46bea9e-cc45-4f28-8958-43c8b6fac3a5.jpg 300w, http:\/\/www.arca.art\/fr\/files\/a46bea9e-cc45-4f28-8958-43c8b6fac3a5-150x90.jpg 150w\" sizes=\"auto, (max-width: 300px) 100vw, 300px\" \/><\/a><br \/>\n<strong>\u2014<\/strong><br \/>\n<strong>Prochaine conf\u00e9rence biennale de centres d\u2019artistes autog\u00e9r\u00e9s en Alberta : Terres \u00e0 traverser<\/strong><br \/>\n<strong>\u2014<\/strong><br \/>\nUn rassemblement d\u2019artistes et de centres d\u2019artistes autog\u00e9r\u00e9s en Alberta<br \/>\n\u00c0 inscrire au calendrier\u00a0\/\u00a05-8 ao\u00fbt 2020<\/p>\n<p>Appel \u00e0 propositions\u00a0<a href=\"http:\/\/www.arca.art\/fr\/files\/AAARC_Call-for-Proposals_FR.pdf\">ici<\/a>.<br \/>\nDate limite de soumission :\u00a018 novembre 2019<br \/>\nAvis sur l\u2019\u00e9tat de la proposition :\u00a027 janvier\u00a02020<\/p>\n<p>Restez \u00e0 l\u2019aff\u00fbt! Abonnez-vous \u00e0 <a href=\"https:\/\/www.landstotravelthrough.ca\/fr\">l\u2019infolettre<\/a>.<\/p>\n<p><strong>\u2014<\/strong><br \/>\n<strong>\u00c9lection f\u00e9d\u00e9rale 2019\u00a0\u2013 21 octobre 2019<\/strong><br \/>\n<strong>\u2014<\/strong><br \/>\nL\u2019ARCA mise sur les ressources et les messages-cl\u00e9s de la Coalition canadienne des arts en vue de l\u2019\u00e9lection f\u00e9d\u00e9rale 2019. Si vous avez l\u2019occasion de rencontrer votre d\u00e9put\u00e9, vous pouvez rench\u00e9rir sur l\u2019augmentation pr\u00e9vue de 35 millions de dollars au budget du Conseil\u00a0des arts du Canada en 2020-2021 et sur la promesse de maintien du niveau de financement de base du Conseil \u00e0 362 millions de dollars de 2020-2021 jusqu\u2019en 2024-2025, et ce, pour faire face aux changements d\u00e9mographiques importants. &gt; <a href=\"http:\/\/www.lacoalitioncanadiennedesarts.com\/election-federale-2019\">En savoir plus<\/a><\/p>\n<p><strong>\u2022 \u2022 \u2022<\/strong><br \/>\n<strong>\u00c0 propos de nous<\/strong><\/p>\n<p><strong>\u2014<\/strong><br \/>\n<strong>Pour un milieu de travail respectueux dans la communaut\u00e9 artistique : la d\u00e9marche de l\u2019ARCA<\/strong><br \/>\n<strong>\u2014<\/strong><br \/>\nCertains membres de notre communaut\u00e9 ont exprim\u00e9 le d\u00e9sir de mieux voir les efforts de d\u00e9colonisation \u00e0 l\u2019ARCA. Avec le soutien d\u2019une consultante, l\u2019\u00e9quipe et le CA de l\u2019ARCA ont pris part \u00e0 un atelier visant \u00e0 se doter d\u2019un plan d\u2019actions en vue de la R\u00e9conciliAction. La prochaine \u00e9tape consistera \u00e0 explorer les strat\u00e9gies vers l\u2019\u00e9panouissement de cette d\u00e9marche \u00e0 plus long terme. Pour en savoir plus sur les milieux de travail respectueux, consultez les <a href=\"http:\/\/milieuxdetravailartsrespectueux.ca\/\">ressources<\/a>, par province, du Conseil des ressources humaines du secteur culturel (CHRSC).<\/p>\n<p><strong>\u2014<\/strong><br \/>\n<strong>ARCA \u00e0 Volume 2 MTL : L\u2019art et le livre<\/strong><br \/>\n<strong>\u2014<\/strong><br \/>\nLes 5 et 6 octobre, l\u2019ARCA a particip\u00e9 \u00e0 volume 2 MTL, foire du livre d\u2019art \u00e0 Montr\u00e9al, afin de faire conna\u00eetre les publications du Collectif des artistes visuels francophones de la Colombie-Britannique, Fillip (C.-B.), Paved Arts (SK), La Maison des artistes visuels francophones (MB), YYZ (ON), Agence Topo, Verticale, Est-Nord-Est, Regroupement des centres d\u2019artistes autog\u00e9r\u00e9s du Qu\u00e9bec (QC) et Le Petit Gris de l\u2019ARCA, tout en faisant activement la promotion de la culture des centres d\u2019artistes autog\u00e9r\u00e9s. ARCA a pr\u00e9sent\u00e9 une conf\u00e9rence informelle sur la distribution autog\u00e9r\u00e9e avec le Collectif des \u00e9diteurs d\u2019art contemporain (CEAC). &gt; <a href=\"https:\/\/www.volumemtl.art\/programme\/\">En savoir plus<\/a><\/p>\n<p><strong>\u2022 \u2022 \u2022<\/strong><br \/>\n<strong>Quoi de neuf dans le r\u00e9seau?<\/strong><\/p>\n<p><strong>\u2014<\/strong><br \/>\n<strong>La grille tarifaire CARFAC-RAAV 2020 est maintenant disponible!<\/strong><br \/>\n<strong>\u2014<\/strong><br \/>\nLe bar\u00e8me des tarifs minimums de CARFAC-RAAV pour l\u2019ann\u00e9e 2020, nouvellement adopt\u00e9 et mis \u00e0 jour, est maintenant disponible sur leur nouveau site Web. Disponible sous forme de PDF en attendant la version finale du site, le bar\u00e8me 2020 tient compte des modifications apport\u00e9es aux tarifs de l\u2019art performance, suite aux r\u00e9sultats des sondages r\u00e9alis\u00e9s l\u2019an dernier aupr\u00e8s des membres respectifs de l\u2019ARCA et de CARFAC. Les principaux changements incluent:<\/p>\n<ul>\n<li>Un tarif \u00e9quivalent pour la performance dans le contexte d\u2019un festival ou d\u2019un \u00e9v\u00e9nement unique.<\/li>\n<li>De nouveaux tarifs et d\u00e9finitions ont \u00e9t\u00e9 ajout\u00e9s pour les performances de longue dur\u00e9e, les performances collectives, ainsi que quelques crit\u00e8res pour \u00e9tablir le tarif d\u2019une performance majeure.<\/li>\n<\/ul>\n<p>Le tout vise \u00e0 am\u00e9liorer les conditions professionnelles des artistes de la performance au Canada. CARFAC diffusera la version en ligne du bar\u00e8me d\u2019ici peu; visitez leur <a href=\"https:\/\/carfac-raav.ca\/\">nouvelle adresse web<\/a>.<\/p>\n<p><strong>\u2014<\/strong><br \/>\n<strong>Des nouvelles du Prix Lacey<\/strong><br \/>\n<strong>\u2014<\/strong><br \/>\nLe Mus\u00e9e des beaux-arts du Canada est fier d\u2019annoncer la r\u00e9ception de 51 candidatures pour la premi\u00e8re \u00e9dition du prix Lacey pour les petits organismes artistiques et centres d\u2019artistes autog\u00e9r\u00e9s; les r\u00e9sultats seront annonc\u00e9s en d\u00e9cembre 2019.<\/p>\n<p>Pour une contextualisation du Prix Lacey et des centres d\u2019artistes autog\u00e9r\u00e9s, <a href=\"https:\/\/www.beaux-arts.ca\/magazine\/sous-les-projecteurs\/le-prix-lacey-et-la-reconnaissance-des-centres-dartistes-autogeres-du\">lire l\u2019article<\/a> paru dans la revue du MBAC.<\/p>\n<p><strong>\u2022 \u2022 \u2022<\/strong><br \/>\n<strong>Varia<\/strong><\/p>\n<p><strong>\/\/ <a href=\"https:\/\/youtu.be\/cv5Z6mbVOEU\">Capsule vid\u00e9o<\/a> r\u00e9alis\u00e9e par la F\u00e9d\u00e9ration Canadienne des m\u00e9tiers d\u2019art : Voie de financement.<br \/>\n<\/strong><\/p>\n<p>\/\/ <strong>Rapport r\u00e9cent pertinent<\/strong><\/p>\n<p>M\u00e9thodes de recherche sur la carri\u00e8re des artistes &#8211; Une analyse comparative des m\u00e9thodes de recherche permettant de comprendre le parcours professionnel, les conditions de travail et les revenus des artistes, 31 janvier 2019 (initi\u00e9e par le Conseil des arts du Canada). &gt; <a href=\"https:\/\/conseildesarts.ca\/recherche\/repertoire-des-recherches\/2019\/01\/methodes-de-recherche-sur-la-carriere-des-artistes?_ga=2.90206618.1613341649.1566825453-540278894.1566825453\">Lire le rapport<\/a><\/p>\n<p><strong>\u2014<\/strong><br \/>\n<strong>Autres appels \/ Other calls<\/strong><br \/>\n<strong>\u2014<\/strong><br \/>\nAppel de textes &#8211; esse 99 : Plantes.<br \/>\nDate de tomb\u00e9e : 10 janvier 2020<br \/>\n<a href=\"http:\/\/esse.ca\/fr\/appeltextesfr\">En savoir plus<\/a><\/p>\n<p>Call for submissions &#8211; Simon Fraser University<br \/>\nOctober 18, 2019<br \/>\n<a href=\"https:\/\/www.sfu.ca\/cmajournal\/issues\/issue-seven--responding-to-site-specificity.html\">En savoir plus<\/a><\/p>\n<p>Call for Submissions &#8211; The Khyber Centre for the Arts<br \/>\nOctober 15, 2019<br \/>\n<a href=\"http:\/\/www.khyber.ca\/submissions-biannual\/\">En savoir plus<\/a><\/p>\n<p>Call for papers at SFU Comparative Media Arts Journal Issue 7 &#8211; Responding to Site Specificity<br \/>\nOctober 18, 2019<br \/>\n<a href=\"http:\/\/www.sfu.ca\/cmajournal\/issues\/issue-seven--responding-to-site-specificity.html\">En savoir plus<\/a><\/p>\n<p>Submissions to the 2020 Capture Photography Festival<br \/>\nOctober 21, 2019<br \/>\n<a href=\"https:\/\/capturephotofest.com\/mark-your-calendar-submissions-to-the-2020-festival-open-soon\/\">En savoir plus<\/a><\/p>\n<p>Appel de dossiers &#8211; R\u00e9sidence en Alsace, Grand Est (France)<br \/>\n4 novembre 2019, minuit (Heure de Paris)<br \/>\n<a href=\"http:\/\/langageplus.com\/programmation\/2019-09-20-20-42-07.html?mc_cid=c31eb585f5&amp;mc_eid=d3be2fc605\">En savoir plus<\/a><\/p>\n<p>\u201cBeing Black in Halifax\u201d<br \/>\nOctober 15, 2019<br \/>\n<a href=\"https:\/\/halifaxblackfilm.com\/black-halifax-2019\">En savoir plus<\/a><\/p>\n<p>&nbsp;<\/p>\n<p>Visionnez l&#8217;infolettre dans votre navigateur : <a href=\"https:\/\/mailchi.mp\/9b9db79a7165\/larca-in-the-loop-no-16\">https:\/\/mailchi.mp\/9b9db79a7165\/larca-in-the-loop-no-16<\/a><\/p>\n","protected":false},"excerpt":{"rendered":"<p><a href=\"http:\/\/www.arca.art\/fr\/files\/ARCA_vignette-no-16.png\"><\/a> l\u2019arca in the loop \u2014 dans la poche #26 :: Prochaine conf\u00e9rence biennale de centres d\u2019artistes autog\u00e9r\u00e9s en Alberta: Terres \u00e0 traverser \/ Un rassemblement d\u2019artistes et de centres d\u2019artistes autog\u00e9r\u00e9s. \u00c0 inscrire au calendrier: 5-8 ao\u00fbt 2020. Date limite pour soumettre un projet: 18 novembre 2019. Avis sur l\u2019\u00e9tat de la proposition: 27 janvier <a href=\"http:\/\/www.arca.art\/fr\/bulletin\/larca-dans-la-poche-26\/\" title=\"Read l\u2019arca dans la poche \u2014 # 26\">&raquo;&raquo;<\/a><\/p>\n","protected":false},"author":2,"featured_media":2207,"comment_status":"open","ping_status":"open","sticky":false,"template":"","format":"standard","meta":{"ngg_post_thumbnail":0,"footnotes":""},"categories":[58],"tags":[40,28,71,100,98,93,18,34,59],"class_list":["post-2206","post","type-post","status-publish","format-standard","has-post-thumbnail","hentry","category-bulletin","tag-aaarc","tag-appels","tag-conference-nationale","tag-conseil-des-arts-du-canada","tag-crhsc","tag-edition","tag-equite","tag-la-coalition-canadienne-des-arts","tag-prix"],"_links":{"self":[{"href":"http:\/\/www.arca.art\/fr\/wp-json\/wp\/v2\/posts\/2206","targetHints":{"allow":["GET"]}}],"collection":[{"href":"http:\/\/www.arca.art\/fr\/wp-json\/wp\/v2\/posts"}],"about":[{"href":"http:\/\/www.arca.art\/fr\/wp-json\/wp\/v2\/types\/post"}],"author":[{"embeddable":true,"href":"http:\/\/www.arca.art\/fr\/wp-json\/wp\/v2\/users\/2"}],"replies":[{"embeddable":true,"href":"http:\/\/www.arca.art\/fr\/wp-json\/wp\/v2\/comments?post=2206"}],"version-history":[{"count":10,"href":"http:\/\/www.arca.art\/fr\/wp-json\/wp\/v2\/posts\/2206\/revisions"}],"predecessor-version":[{"id":2242,"href":"http:\/\/www.arca.art\/fr\/wp-json\/wp\/v2\/posts\/2206\/revisions\/2242"}],"wp:featuredmedia":[{"embeddable":true,"href":"http:\/\/www.arca.art\/fr\/wp-json\/wp\/v2\/media\/2207"}],"wp:attachment":[{"href":"http:\/\/www.arca.art\/fr\/wp-json\/wp\/v2\/media?parent=2206"}],"wp:term":[{"taxonomy":"category","embeddable":true,"href":"http:\/\/www.arca.art\/fr\/wp-json\/wp\/v2\/categories?post=2206"},{"taxonomy":"post_tag","embeddable":true,"href":"http:\/\/www.arca.art\/fr\/wp-json\/wp\/v2\/tags?post=2206"}],"curies":[{"name":"wp","href":"https:\/\/api.w.org\/{rel}","templated":true}]}}