{"id":2199,"date":"2019-09-12T20:22:57","date_gmt":"2019-09-12T20:22:57","guid":{"rendered":"http:\/\/www.arca.art\/fr\/?p=2199"},"modified":"2019-09-12T20:22:57","modified_gmt":"2019-09-12T20:22:57","slug":"appel-a-soumissions-volume-2-mtl","status":"publish","type":"post","link":"http:\/\/www.arca.art\/fr\/vedette\/appel-a-soumissions-volume-2-mtl\/","title":{"rendered":"Appel \u00e0 soumissions \/  VOLUME 2 MTL"},"content":{"rendered":"<p><strong>\u2014<\/strong><br \/>\n<strong>APPEL \u00c0 SOUMISSIONS \/ <\/strong><br \/>\n<strong>VOLUME 2 MTL : L\u2019ART ET LE LIVRE<\/strong><br \/>\n<strong>\u2014<\/strong><br \/>\n<strong>Date de tomb\u00e9e : 24 septembre 2019<\/strong><\/p>\n<a href=\"http:\/\/www.arca.art\/fr\/files\/VOLUME2MTL.jpg\"><img loading=\"lazy\" decoding=\"async\" class=\"alignnone wp-image-2200\" src=\"http:\/\/www.arca.art\/fr\/files\/VOLUME2MTL.jpg\" alt=\"\" width=\"300\" height=\"300\" srcset=\"http:\/\/www.arca.art\/fr\/files\/VOLUME2MTL.jpg 350w, http:\/\/www.arca.art\/fr\/files\/VOLUME2MTL-150x150.jpg 150w, http:\/\/www.arca.art\/fr\/files\/VOLUME2MTL-300x300.jpg 300w\" sizes=\"auto, (max-width: 300px) 100vw, 300px\" \/><\/a>\n<p>La Conf\u00e9rence des collectifs et des centres d\u2019artistes autog\u00e9r\u00e9s (ARCA) invite les centres d\u2019artistes \u00e9diteurs \u00e0 proposer leurs publications au festival artistique VOLUME 2 MTL : L\u2019ART ET LE LIVRE. En tant que centre d\u2019artiste autog\u00e9r\u00e9, vous aurez l\u2019opportunit\u00e9 de vous voir assigner un espace \u00e0 la table de l\u2019ARCA afin de promouvoir et vendre vos plus r\u00e9centes publications (livres d\u2019artistes, p\u00e9riodiques, essais critiques et publications \u00e9ph\u00e9m\u00e8res ou toute autre production imprim\u00e9e). Joignez-vous aux 80 exposants de cette foire artistique unique! Les ouvrages retenus seront mis en vente les <strong>5 et 6 octobre<\/strong> <strong>2019<\/strong>. Une occasion unique \u00e0 saisir pour faire reconna\u00eetre vos ouvrages au monde de l\u2019\u00e9dition du livre d\u2019artiste et du livre d\u2019art.<\/p>\n<p>Si vous \u00eates int\u00e9ress\u00e9s \u00e0 proposer des titres en r\u00e9ponse \u00e0 cet appel, veuillez compl\u00e9ter le <a href=\"https:\/\/docs.google.com\/forms\/d\/1LoU299PSwaTvLM0pQYR2ytqRfYywx-bl3_93Kkytd_8\/edit?ts=5d7a816c\">formulaire ci-joint<\/a> au plus tard le<strong> 24 septembre, 15 h HAE<\/strong>. Pour toute publication retenue, vous pourrez soumettre jusqu\u2019\u00e0 deux exemplaires. N\u2019h\u00e9sitez pas de communiquer avec nous par courriel \u00e0 <a href=\"mailto:info@arca.art\">info@arca.art<\/a> pour plus d\u2019informations sur cet appel.<\/p>\n<p><strong>\u00c0 PROPOS<\/strong><\/p>\n<p><strong>VOLUME 2 MTL<\/strong>. Lanc\u00e9 en 2018 par ARCMTL, cet \u00e9v\u00e9nement permet au milieu international de l\u2019\u00e9dition du livre d\u2019artiste et du livre d\u2019art de se r\u00e9unir et de cr\u00e9er des liens dans la seule m\u00e9tropole bilingue en Am\u00e9rique du Nord. Pour cette deuxi\u00e8me \u00e9dition, le th\u00e8me est le livre d\u2019artiste comme espace de collaboration. De nombreux invit\u00e9s de l\u2019Europe, de l\u2019Am\u00e9rique et d\u2019ailleurs au Canada se lanceront dans divers projets et activit\u00e9s collaboratives, explorant des pratiques ayant une longue tradition de collaborations entre artistes, tels que l\u2019art postal, le collage et la po\u00e9sie visuelle. &gt; <a href=\"https:\/\/www.volumemtl.art\/\">En savoir plus<\/a><\/p>\n","protected":false},"excerpt":{"rendered":"<p>\u2014 APPEL \u00c0 SOUMISSIONS \/ VOLUME 2 MTL : L\u2019ART ET LE LIVRE \u2014 Date de tomb\u00e9e : 24 septembre 2019 <a href=\"http:\/\/www.arca.art\/fr\/files\/VOLUME2MTL.jpg\"><\/a> La Conf\u00e9rence des collectifs et des centres d\u2019artistes autog\u00e9r\u00e9s (ARCA) invite les centres d\u2019artistes \u00e9diteurs \u00e0 proposer leurs publications au festival artistique VOLUME 2 MTL : L\u2019ART ET LE LIVRE. En tant que centre <a href=\"http:\/\/www.arca.art\/fr\/vedette\/appel-a-soumissions-volume-2-mtl\/\" title=\"Read Appel \u00e0 soumissions \/  VOLUME 2 MTL\">&raquo;&raquo;<\/a><\/p>\n","protected":false},"author":2,"featured_media":2200,"comment_status":"open","ping_status":"open","sticky":false,"template":"","format":"standard","meta":{"ngg_post_thumbnail":0,"footnotes":""},"categories":[23,4],"tags":[28,93,29],"class_list":["post-2199","post","type-post","status-publish","format-standard","has-post-thumbnail","hentry","category-nouvelles","category-vedette","tag-appels","tag-edition","tag-reseautage"],"_links":{"self":[{"href":"http:\/\/www.arca.art\/fr\/wp-json\/wp\/v2\/posts\/2199","targetHints":{"allow":["GET"]}}],"collection":[{"href":"http:\/\/www.arca.art\/fr\/wp-json\/wp\/v2\/posts"}],"about":[{"href":"http:\/\/www.arca.art\/fr\/wp-json\/wp\/v2\/types\/post"}],"author":[{"embeddable":true,"href":"http:\/\/www.arca.art\/fr\/wp-json\/wp\/v2\/users\/2"}],"replies":[{"embeddable":true,"href":"http:\/\/www.arca.art\/fr\/wp-json\/wp\/v2\/comments?post=2199"}],"version-history":[{"count":1,"href":"http:\/\/www.arca.art\/fr\/wp-json\/wp\/v2\/posts\/2199\/revisions"}],"predecessor-version":[{"id":2201,"href":"http:\/\/www.arca.art\/fr\/wp-json\/wp\/v2\/posts\/2199\/revisions\/2201"}],"wp:featuredmedia":[{"embeddable":true,"href":"http:\/\/www.arca.art\/fr\/wp-json\/wp\/v2\/media\/2200"}],"wp:attachment":[{"href":"http:\/\/www.arca.art\/fr\/wp-json\/wp\/v2\/media?parent=2199"}],"wp:term":[{"taxonomy":"category","embeddable":true,"href":"http:\/\/www.arca.art\/fr\/wp-json\/wp\/v2\/categories?post=2199"},{"taxonomy":"post_tag","embeddable":true,"href":"http:\/\/www.arca.art\/fr\/wp-json\/wp\/v2\/tags?post=2199"}],"curies":[{"name":"wp","href":"https:\/\/api.w.org\/{rel}","templated":true}]}}