{"id":1802,"date":"2017-03-24T16:55:58","date_gmt":"2017-03-24T16:55:58","guid":{"rendered":"http:\/\/www.arca.art\/fr\/?p=1802"},"modified":"2019-09-06T20:29:49","modified_gmt":"2019-09-06T20:29:49","slug":"le-financement-du-conseil-des-arts-du-canada-assure-pour-une-deuxieme-annee","status":"publish","type":"post","link":"http:\/\/www.arca.art\/fr\/nouvelles\/le-financement-du-conseil-des-arts-du-canada-assure-pour-une-deuxieme-annee\/","title":{"rendered":"Le financement du Conseil des arts du Canada assur\u00e9 pour une deuxi\u00e8me ann\u00e9e"},"content":{"rendered":"<p><strong>Montr\u00e9al, le 22 mars 2017&nbsp;<\/strong>\u2014&nbsp;La Conf\u00e9rence des collectifs et des centres d\u2019artistes autog\u00e9r\u00e9s (ARCA) d\u00e9duit qu\u2019avec son deuxi\u00e8me budget, le ministre Morneau tient la promesse du gouvernement de doubler le budget du Conseil des arts du Canada (CAC) sur cinq ann\u00e9es, c\u2019est-\u00e0-dire, d\u2019ici 2021. L\u2019augmentation de 75&nbsp;millions de dollars de cette ann\u00e9e portera le budget du CAC \u00e0 257&nbsp;347&nbsp;387&nbsp;$.<\/p>\n<p><!--more--><\/p>\n<p>L\u2019ARCA doute cependant que cet investissement r\u00e9duise la pr\u00e9carit\u00e9 de tous les centres d&#8217;artistes autog\u00e9r\u00e9s et de leurs effectifs dans l\u2019ann\u00e9e \u00e0 venir si elle tient compte de la d\u00e9cision du CAC d\u2019investir massivement dans le financement par projets et beaucoup moins dans le financement de base, arguant que les jeunes artistes travaillent diff\u00e9remment et pr\u00e9f\u00e8rent la souplesse de mod\u00e8les organisationnels plus l\u00e9gers. Reste \u00e0 voir comment le financement par projets couvrira les co\u00fbts de fonctionnement, notamment les salaires, les ressources mat\u00e9rielles et les co\u00fbts indirects \u00e0 long terme.<\/p>\n<p>Les salaires dans les centres d&#8217;artistes autog\u00e9r\u00e9s demeurent tr\u00e8s inf\u00e9rieurs \u00e0 la moyenne canadienne; sans financement de base, les nouveaux organismes auront du mal \u00e0 offrir un emploi stable aux dipl\u00f4m\u00e9s en arts et en gestion artistique, illustrant ce que, l&#8217;automne dernier, le ministre des Finances Bill Morneau a malheureusement qualifi\u00e9 d\u2019\u00ab <a href=\"http:\/\/www.theglobeandmail.com\/globe-investor\/personal-finance\/genymoney\/why-morneau-needs-to-be-less-accepting-of-temporary-work\/article32543380\/\">emplois mobiles<\/a>&nbsp;\u00bb, de contrats temporaires et de multiples changements de carri\u00e8re dans la vie personnelle des Canadiens.<\/p>\n<p>Le budget fait \u00e9galement r\u00e9f\u00e9rence \u00e0 la mise au point d\u2019une <a href=\"http:\/\/www.budget.gc.ca\/2017\/docs\/plan\/chap-01-fr.html#Toc477707350\">strat\u00e9gie en mati\u00e8re de propri\u00e9t\u00e9 intellectuelle<\/a> dans l\u2019ann\u00e9e qui vient pour \u00ab&nbsp;faire en sorte que le r\u00e9gime de propri\u00e9t\u00e9 intellectuelle du Canada soit moderne et solide et qu&#8217;il soutienne les innovations canadiennes au XXI<sup>e<\/sup>&nbsp;si\u00e8cle.&nbsp;\u00bb Il n\u2019est pas pr\u00e9cis\u00e9 si la strat\u00e9gie r\u00e9examinera la loi actuelle sur le droit d&#8217;auteur et les d\u00e9fis de la production culturelle dans un monde num\u00e9rique ou encore si elle abordera comment les artistes parviendront \u00e0 vivre de leurs droits d&#8217;auteur. Actuellement, les centres d&#8217;artistes autog\u00e9r\u00e9s dont le budget annuel s\u2019\u00e9l\u00e8ve en moyenne \u00e0 175&nbsp;000&nbsp;$ paient des droits d&#8217;exposition d\u2019au moins 1&nbsp;957&nbsp;$.<\/p>\n<p>Dans son <a href=\"http:\/\/www.lacoalitioncanadiennedesarts.com\/archives\/1658\">communiqu\u00e9 de presse<\/a>, la Coalition canadienne des arts (CCA) souligne un investissement additionnel de 300&nbsp;millions de dollars sur 10&nbsp;ans dans le Fonds du Canada pour les espaces culturels, ce qui double le niveau existant de 30 millions de dollars par ann\u00e9e.&nbsp; Ces montants sont major\u00e9s d\u2019un investissement de 1,3 milliard de dollars sur 10 ans par le biais des ententes bilat\u00e9rales destin\u00e9es au secteur culturel et r\u00e9cr\u00e9atif.<\/p>\n","protected":false},"excerpt":{"rendered":"<p>Montr\u00e9al, le 22 mars 2017&nbsp;\u2014&nbsp;La Conf\u00e9rence des collectifs et des centres d\u2019artistes autog\u00e9r\u00e9s (ARCA) d\u00e9duit qu\u2019avec son deuxi\u00e8me budget, le ministre Morneau tient la promesse du gouvernement de doubler le budget du Conseil des arts du Canada (CAC) sur cinq ann\u00e9es, c\u2019est-\u00e0-dire, d\u2019ici 2021. L\u2019augmentation de 75&nbsp;millions de dollars de cette ann\u00e9e portera le budget <a href=\"http:\/\/www.arca.art\/fr\/nouvelles\/le-financement-du-conseil-des-arts-du-canada-assure-pour-une-deuxieme-annee\/\" title=\"Read Le financement du Conseil des arts du Canada assur\u00e9 pour une deuxi\u00e8me ann\u00e9e\">&raquo;&raquo;<\/a><\/p>\n","protected":false},"author":2,"featured_media":0,"comment_status":"open","ping_status":"open","sticky":false,"template":"","format":"standard","meta":{"ngg_post_thumbnail":0,"footnotes":""},"categories":[23],"tags":[100,34,25],"class_list":["post-1802","post","type-post","status-publish","format-standard","hentry","category-nouvelles","tag-conseil-des-arts-du-canada","tag-la-coalition-canadienne-des-arts","tag-representation"],"_links":{"self":[{"href":"http:\/\/www.arca.art\/fr\/wp-json\/wp\/v2\/posts\/1802","targetHints":{"allow":["GET"]}}],"collection":[{"href":"http:\/\/www.arca.art\/fr\/wp-json\/wp\/v2\/posts"}],"about":[{"href":"http:\/\/www.arca.art\/fr\/wp-json\/wp\/v2\/types\/post"}],"author":[{"embeddable":true,"href":"http:\/\/www.arca.art\/fr\/wp-json\/wp\/v2\/users\/2"}],"replies":[{"embeddable":true,"href":"http:\/\/www.arca.art\/fr\/wp-json\/wp\/v2\/comments?post=1802"}],"version-history":[{"count":4,"href":"http:\/\/www.arca.art\/fr\/wp-json\/wp\/v2\/posts\/1802\/revisions"}],"predecessor-version":[{"id":2161,"href":"http:\/\/www.arca.art\/fr\/wp-json\/wp\/v2\/posts\/1802\/revisions\/2161"}],"wp:attachment":[{"href":"http:\/\/www.arca.art\/fr\/wp-json\/wp\/v2\/media?parent=1802"}],"wp:term":[{"taxonomy":"category","embeddable":true,"href":"http:\/\/www.arca.art\/fr\/wp-json\/wp\/v2\/categories?post=1802"},{"taxonomy":"post_tag","embeddable":true,"href":"http:\/\/www.arca.art\/fr\/wp-json\/wp\/v2\/tags?post=1802"}],"curies":[{"name":"wp","href":"https:\/\/api.w.org\/{rel}","templated":true}]}}