{"id":1477,"date":"2015-06-01T18:31:18","date_gmt":"2015-06-01T18:31:18","guid":{"rendered":"http:\/\/www.arca.art\/fr\/?p=1477"},"modified":"2020-02-26T22:41:13","modified_gmt":"2020-02-26T22:41:13","slug":"les-artistes-au-centre-de-la-marginalite-a-linclusion-inscrivez-vous","status":"publish","type":"post","link":"http:\/\/www.arca.art\/fr\/evenements\/les-artistes-au-centre-de-la-marginalite-a-linclusion-inscrivez-vous\/","title":{"rendered":"Les artistes au centre : de la marginalit\u00e9 \u00e0 l\u2019inclusion: Inscrivez-vous!"},"content":{"rendered":"<p><strong>Les artistes au centre : de la marginalit\u00e9 \u00e0 l\u2019inclusion<\/strong><br \/>\nJeudi 12 novembre 2015 \u2013 Samedi 14 novembre 2015<br \/>\nRyerson Student Centre | 55, rue Gould, Toronto, Ontario<\/p>\n<p>Artist-Run Centres &amp; Collectives of Ontario (ARCCO) vous invite \u00e0 assister \u00e0 sa conf\u00e9rence nationale qui a pour th\u00e8me <em>Les artistes au centre : de la marginalit\u00e9 \u00e0 l\u2019inclusion.<\/em><!--more--><\/p>\n<p>Carrefour d\u2019un panorama de points de vue canadiens et \u00e9trangers, la conf\u00e9rence <i>Les artistes au centre : de la marginalit\u00e9 \u00e0 l\u2019inclusion<\/i> explore les notions d\u2019engagement artistique et culturel entourant les formes de d\u00e9fense et de pr\u00e9conisation, les activismes artistiques, les modes d\u2019engagement, les centres sans lieu fixe et les transitions organisationnelles. Au cours de ces trois journ\u00e9es, artistes, commissaires, chercheurs, activistes et travailleurs culturels se rencontreront lors de pr\u00e9sentations structur\u00e9es et de discussions libres dans le but de reconsid\u00e9rer les formes d\u2019engagement dans les centres d\u2019artistes autog\u00e9r\u00e9s et les \u00e9tablissements publics en tant que lieux d\u2019int\u00e9r\u00eat pass\u00e9s, pr\u00e9sents et futurs.<\/p>\n<p>Soyez des n\u00f4tres au centre \u00e9tudiant de l\u2019Universit\u00e9 Ryerson, participez aux conf\u00e9rences enrichissantes et aux activit\u00e9s en marge de la rencontre.<\/p>\n<p><strong>Inscrivez-vous ici<\/strong><strong> &#8211; <\/strong>Pour tout savoir : www.arcco.ca<\/p>\n<p><i>Les artistes au centre : de la marginalit\u00e9 \u00e0 l\u2019inclusion<\/i> est pr\u00e9sent\u00e9 fi\u00e8rement en partenariat avec la Conf\u00e9rence des collectifs et des centres d\u2019artistes \/ Artist-Run Centres and Collectives Conference. ARCCO remercie sinc\u00e8rement la Fondation Trillium de l\u2019Ontario et le Conseil des arts de l\u2019Ontario.<\/p>\n","protected":false},"excerpt":{"rendered":"<p>Les artistes au centre : de la marginalit\u00e9 \u00e0 l\u2019inclusion Jeudi 12 novembre 2015 \u2013 Samedi 14 novembre 2015 Ryerson Student Centre | 55, rue Gould, Toronto, Ontario Artist-Run Centres &amp; Collectives of Ontario (ARCCO) vous invite \u00e0 assister \u00e0 sa conf\u00e9rence nationale qui a pour th\u00e8me Les artistes au centre : de la marginalit\u00e9 <a href=\"http:\/\/www.arca.art\/fr\/evenements\/les-artistes-au-centre-de-la-marginalite-a-linclusion-inscrivez-vous\/\" title=\"Read Les artistes au centre : de la marginalit\u00e9 \u00e0 l\u2019inclusion: Inscrivez-vous!\">&raquo;&raquo;<\/a><\/p>\n","protected":false},"author":2,"featured_media":1701,"comment_status":"open","ping_status":"open","sticky":false,"template":"","format":"standard","meta":{"ngg_post_thumbnail":0,"footnotes":""},"categories":[3],"tags":[16,18],"class_list":["post-1477","post","type-post","status-publish","format-standard","has-post-thumbnail","hentry","category-evenements","tag-arcco","tag-equite"],"_links":{"self":[{"href":"http:\/\/www.arca.art\/fr\/wp-json\/wp\/v2\/posts\/1477","targetHints":{"allow":["GET"]}}],"collection":[{"href":"http:\/\/www.arca.art\/fr\/wp-json\/wp\/v2\/posts"}],"about":[{"href":"http:\/\/www.arca.art\/fr\/wp-json\/wp\/v2\/types\/post"}],"author":[{"embeddable":true,"href":"http:\/\/www.arca.art\/fr\/wp-json\/wp\/v2\/users\/2"}],"replies":[{"embeddable":true,"href":"http:\/\/www.arca.art\/fr\/wp-json\/wp\/v2\/comments?post=1477"}],"version-history":[{"count":11,"href":"http:\/\/www.arca.art\/fr\/wp-json\/wp\/v2\/posts\/1477\/revisions"}],"predecessor-version":[{"id":2397,"href":"http:\/\/www.arca.art\/fr\/wp-json\/wp\/v2\/posts\/1477\/revisions\/2397"}],"wp:featuredmedia":[{"embeddable":true,"href":"http:\/\/www.arca.art\/fr\/wp-json\/wp\/v2\/media\/1701"}],"wp:attachment":[{"href":"http:\/\/www.arca.art\/fr\/wp-json\/wp\/v2\/media?parent=1477"}],"wp:term":[{"taxonomy":"category","embeddable":true,"href":"http:\/\/www.arca.art\/fr\/wp-json\/wp\/v2\/categories?post=1477"},{"taxonomy":"post_tag","embeddable":true,"href":"http:\/\/www.arca.art\/fr\/wp-json\/wp\/v2\/tags?post=1477"}],"curies":[{"name":"wp","href":"https:\/\/api.w.org\/{rel}","templated":true}]}}