{"id":1420,"date":"2015-03-17T13:50:54","date_gmt":"2015-03-17T13:50:54","guid":{"rendered":"http:\/\/www.arca.art\/fr\/?p=1420"},"modified":"2020-02-27T02:23:14","modified_gmt":"2020-02-27T02:23:14","slug":"larca-dans-le-sud-ouest-de-lontario","status":"publish","type":"post","link":"http:\/\/www.arca.art\/fr\/nouvelles\/larca-dans-le-sud-ouest-de-lontario\/","title":{"rendered":"L&#8217;ARCA dans le Sud-Ouest de l\u2019Ontario"},"content":{"rendered":"<p>Invit\u00e9e le 25 f\u00e9vrier dernier \u00e0 pr\u00e9senter le r\u00e9seau des centres d\u2019artistes autog\u00e9r\u00e9s aux \u00e9tudiants du d\u00e9partement des beaux-arts de l\u2019University of Waterloo, dans le cadre d&#8217;une s\u00e9rie sur le d\u00e9veloppement professionnel, j\u2019ai profit\u00e9 de ce d\u00e9placement pour faire la tourn\u00e9e des centres d\u2019artistes de la r\u00e9gion.<!--more--> J\u2019ai dabord\u00a0 rencontr\u00e9 Gordon Hatt, directeur de Contemporary Art Forum Kitchener and Area (CAFKA), organisateur d\u2019une biennale d\u2019art public bien \u00e9tablie mais qui gagnerait \u00e0 \u00eatre mieux connue. La 9<sup>e<\/sup> \u00e9dition d\u2019\u0153uvres dans l\u2019espace public intitul\u00e9e <em>It Should Always Be This Way <\/em>pr\u00e9sentait des installations, interventions, projections et performances d\u2019artistes Canadiens et internationaux. CAFKA offre aussi un programme de r\u00e9sidence d\u2019artistes en partenariat avec <em>Christie Digital<\/em> et une <a href=\"http:\/\/www.cafka.org\/lectures\" target=\"_blank\" rel=\"noopener noreferrer\">s\u00e9rie de conf\u00e9rences<\/a> intitul\u00e9e <em>Big Ideas in Art &amp; Culture<\/em> en partenariat avec <a href=\"http:\/\/musagetes.ca\/\" target=\"_blank\" rel=\"noopener noreferrer\">Musagetes <\/a>\u00e0 Guelph. Ils ont aussi une <a href=\"http:\/\/www.cafka.org\/cafka-tv\/\" target=\"_blank\" rel=\"noopener noreferrer\">t\u00e9l\u00e9 en ligne<\/a> riche en contenus.<\/p>\n<div id=\"attachment_1405\" style=\"width: 310px\" class=\"wp-caption alignnone\"><a href=\"http:\/\/www.arca.art\/fr\/files\/images\/image_2015_centre3.jpg\"><img loading=\"lazy\" decoding=\"async\" aria-describedby=\"caption-attachment-1405\" class=\"wp-image-1405 size-medium\" title=\"image_2015_centre3\" src=\"http:\/\/www.arca.art\/fr\/files\/images\/image_2015_centre3-300x199.jpg\" alt=\"\" width=\"300\" height=\"199\" srcset=\"http:\/\/www.arca.art\/fr\/files\/images\/image_2015_centre3-300x199.jpg 300w, http:\/\/www.arca.art\/fr\/files\/images\/image_2015_centre3.jpg 688w\" sizes=\"auto, (max-width: 300px) 100vw, 300px\" \/><\/a><p id=\"caption-attachment-1405\" class=\"wp-caption-text\">Colina Maxwell, Thea Faulds et Andrew Butkevicius du Centre3, Hamilton<\/p><\/div>\n<p>\u00c0 Hamilton, j&#8217;ai visit\u00e9 <a href=\"http:\/\/centre3.com\/\" target=\"_blank\" rel=\"noopener noreferrer\">Centre3<\/a>, <a href=\"http:\/\/factorymedia.ca\/\" target=\"_blank\" rel=\"noopener noreferrer\">Factory Media Centre<\/a> et <a href=\"http:\/\/www.theinc.ca\/\" target=\"_blank\" rel=\"noopener noreferrer\">Hamilton Artists Inc.<\/a> (The Inc.), tous les trois situ\u00e9s sur la rue James, au c\u0153ur de Hamilton. Cette rue accueille aussi un \u00e9v\u00e9nement grand public annuel appel\u00e9 <em>Swarm<\/em>. J\u2019ai \u00e9t\u00e9 impressionn\u00e9 par le dynamisme des centres Centre3 et The Inc. qui auront contribu\u00e9 \u00e0 sensibiliser le gouvernement municipal qui promet depuis un moment d\u2019augmenter le financement aux arts; d&#8217;ailleurs, Hamilton, ancienne ville industrielle, attire de plus en plus d&#8217;artistes qui n\u2019ont plus les moyens de vivre \u00e0 Toronto.<\/p>\n<div id=\"attachment_1406\" style=\"width: 310px\" class=\"wp-caption alignnone\"><a href=\"http:\/\/www.arca.art\/fr\/files\/images\/image_2015_centre3_educ.jpg\"><img loading=\"lazy\" decoding=\"async\" aria-describedby=\"caption-attachment-1406\" class=\"size-medium wp-image-1406\" title=\"image_2015_centre3_educ\" src=\"http:\/\/www.arca.art\/fr\/files\/images\/image_2015_centre3_educ-300x199.jpg\" alt=\"\" width=\"300\" height=\"199\" srcset=\"http:\/\/www.arca.art\/fr\/files\/images\/image_2015_centre3_educ-300x199.jpg 300w, http:\/\/www.arca.art\/fr\/files\/images\/image_2015_centre3_educ.jpg 690w\" sizes=\"auto, (max-width: 300px) 100vw, 300px\" \/><\/a><p id=\"caption-attachment-1406\" class=\"wp-caption-text\">L&#8217;\u00e9ducatrice du programme NuDeal pr\u00e9sente un exercice d&#8217;apprentissage par projet<\/p><\/div>\n<p>Le programme \u00e9ducatif NuDeal du Centre3, con\u00e7u \u00e0 l\u2019intention des jeunes raccrocheurs du secondaire, figure parmi les nombreuses activit\u00e9s et installations du centre toujours d\u00e9vou\u00e9 \u00e0 la gravure, traditionnelle et num\u00e9rique.<\/p>\n<div id=\"attachment_1409\" style=\"width: 310px\" class=\"wp-caption alignnone\"><a href=\"http:\/\/www.arca.art\/fr\/files\/images\/image_2015_theinc.jpg\"><img loading=\"lazy\" decoding=\"async\" aria-describedby=\"caption-attachment-1409\" class=\"size-medium wp-image-1409\" title=\"image_2015_theinc\" src=\"http:\/\/www.arca.art\/fr\/files\/images\/image_2015_theinc-300x199.jpg\" alt=\"\" width=\"300\" height=\"199\" srcset=\"http:\/\/www.arca.art\/fr\/files\/images\/image_2015_theinc-300x199.jpg 300w, http:\/\/www.arca.art\/fr\/files\/images\/image_2015_theinc.jpg 690w\" sizes=\"auto, (max-width: 300px) 100vw, 300px\" \/><\/a><p id=\"caption-attachment-1409\" class=\"wp-caption-text\">Caitlin Sutherland, coordonnatrice \u00e0 la programmation, The Inc.<\/p><\/div>\n<p>La petite \u00e9quipe de The Inc. et les membres de son CA n\u00e9gocient avec un engagement exemplaire les d\u00e9fis d\u2019un nouveau b\u00e2timent et de son financement, de m\u00eame que l\u2019augmentation des standards des expositions des artistes de leur programmation ainsi que de leurs membres.<\/p>\n<p>J&#8217;ai conclu ma tourn\u00e9e \u00e0 London o\u00f9 j&#8217;ai visit\u00e9 le centre <a href=\"https:\/\/forestcitygallery.com\/\">Forest City Gallery<\/a> \u00e0 l&#8217;occasion d&#8217;un vernissage. Ce lieu demeure associ\u00e9 \u00e0 l&#8217;\u00e9mergence du collectivisme d&#8217;artistes au Canada. Pour ceux qui veulent en savoir plus \u00e0 ce sujet, je recommande fortement la lecture, en Anglais, de l&#8217;article de Christopher R\u00e9gimbal intitul\u00e9 <em>Institutions of Regionalism: Artist Collectivism in London, Ontario, 1960\u20131990<\/em> paru dans <a href=\"http:\/\/arcpost.ca\/articles\/institutions-of-regionalism\">Fillip magazine<\/a>.\u00a0 Anne Bertrand, mars 2015<\/p>\n","protected":false},"excerpt":{"rendered":"<p>Invit\u00e9e le 25 f\u00e9vrier dernier \u00e0 pr\u00e9senter le r\u00e9seau des centres d\u2019artistes autog\u00e9r\u00e9s aux \u00e9tudiants du d\u00e9partement des beaux-arts de l\u2019University of Waterloo, dans le cadre d&#8217;une s\u00e9rie sur le d\u00e9veloppement professionnel, j\u2019ai profit\u00e9 de ce d\u00e9placement pour faire la tourn\u00e9e des centres d\u2019artistes de la r\u00e9gion.<\/p>\n","protected":false},"author":2,"featured_media":1704,"comment_status":"open","ping_status":"open","sticky":false,"template":"","format":"standard","meta":{"ngg_post_thumbnail":0,"footnotes":""},"categories":[23],"tags":[16,29],"class_list":["post-1420","post","type-post","status-publish","format-standard","has-post-thumbnail","hentry","category-nouvelles","tag-arcco","tag-reseautage"],"_links":{"self":[{"href":"http:\/\/www.arca.art\/fr\/wp-json\/wp\/v2\/posts\/1420","targetHints":{"allow":["GET"]}}],"collection":[{"href":"http:\/\/www.arca.art\/fr\/wp-json\/wp\/v2\/posts"}],"about":[{"href":"http:\/\/www.arca.art\/fr\/wp-json\/wp\/v2\/types\/post"}],"author":[{"embeddable":true,"href":"http:\/\/www.arca.art\/fr\/wp-json\/wp\/v2\/users\/2"}],"replies":[{"embeddable":true,"href":"http:\/\/www.arca.art\/fr\/wp-json\/wp\/v2\/comments?post=1420"}],"version-history":[{"count":13,"href":"http:\/\/www.arca.art\/fr\/wp-json\/wp\/v2\/posts\/1420\/revisions"}],"predecessor-version":[{"id":2410,"href":"http:\/\/www.arca.art\/fr\/wp-json\/wp\/v2\/posts\/1420\/revisions\/2410"}],"wp:featuredmedia":[{"embeddable":true,"href":"http:\/\/www.arca.art\/fr\/wp-json\/wp\/v2\/media\/1704"}],"wp:attachment":[{"href":"http:\/\/www.arca.art\/fr\/wp-json\/wp\/v2\/media?parent=1420"}],"wp:term":[{"taxonomy":"category","embeddable":true,"href":"http:\/\/www.arca.art\/fr\/wp-json\/wp\/v2\/categories?post=1420"},{"taxonomy":"post_tag","embeddable":true,"href":"http:\/\/www.arca.art\/fr\/wp-json\/wp\/v2\/tags?post=1420"}],"curies":[{"name":"wp","href":"https:\/\/api.w.org\/{rel}","templated":true}]}}