{"id":1381,"date":"2015-01-21T21:52:27","date_gmt":"2015-01-21T21:52:27","guid":{"rendered":"http:\/\/www.arca.art\/fr\/?p=1381"},"modified":"2016-06-12T23:39:26","modified_gmt":"2016-06-12T23:39:26","slug":"appel-de-larcco-conference-nationale-de-centres-dartistes-autogeres","status":"publish","type":"post","link":"http:\/\/www.arca.art\/fr\/nouvelles\/appel-de-larcco-conference-nationale-de-centres-dartistes-autogeres\/","title":{"rendered":"Appel de l&#8217;ARCCO : conf\u00e9rence nationale de centres d&#8217;artistes autog\u00e9r\u00e9s"},"content":{"rendered":"<p>L\u2019ARCA est fier d\u2019annoncer que le Artist-Run Centres &amp; Collectives of Ontario (ARCCO) accueillera la prochaine conf\u00e9rence nationale de centres d\u2019artistes autog\u00e9r\u00e9s intitul\u00e9e <em>Les artistes au centre: de la marginalit\u00e9 \u00e0 l\u2019inclusion<\/em> qui aura lieu \u00e0<strong> l&#8217;universit\u00e9 Ryerson, \u00e0 Toronto, du 12 au 14 novembre 2015<\/strong>. L\u2019ARCCO invite tous ceux et celles pour qui la culture des centres d\u2019artistes autog\u00e9r\u00e9s est un enjeu \u00e0 soumettre une proposition en r\u00e9ponse \u00e0 l\u2019appel, ci-inclus, <span style=\"text-decoration: underline\">avant le 3 f\u00e9vrier 2015<\/span>.<!--more--><\/p>\n<p>On vous encourage \u00e0 participer \u00e0 cette prochaine rencontre \u00e0 titre de travailleur culturel \/ d\u2019artiste \/ d\u2019auteur \/ d\u2019\u00e9ducateur \/ de militant, individuellement, ou au nom d\u2019un collectif ou d\u2019un organisme. Les propositions contribueront \u00e0 identifier et \u00e0 interroger \u00ab\u00a0le potentiel de transformation vari\u00e9 et transf\u00e9rable de l\u2019engagement\u00a0\u00bb qu\u2019on se situe au centre, en marge, ou en mouvement continu \u00e0 l\u2019instar d\u2019un joueur qui se d\u00e9place sur un terrain de jeu.<\/p>\n<p>La conf\u00e9rence nationale est organis\u00e9e \u00e0 tous les deux ans en partenariat avec l\u2019ARCA, par une de ses neuf associations membres. La rencontre vise \u00e0 r\u00e9unir les membres de la collectivit\u00e9 internationale des centres d\u2019artistes autog\u00e9r\u00e9s. On se souviendra des rencontres ant\u00e9rieures dont <em>Institutions by Artists<\/em> organis\u00e9e par la Pacific Association of Artist Run Centres (PAARC) en octobre 2012, <em>Les Am\u00e9riques : Pratiques artistiques ind\u00e9pendantes \u00e0 l&#8217;\u00e8re de la mondialisation<\/em>, organis\u00e9 par Le Regroupement des centres d&#8217;artistes autog\u00e9r\u00e9s du Qu\u00e9bec (RCAAQ) en octobre 2010, et <em>hot buttons.points chauds<\/em> organis\u00e9 par l\u2019ARCCO en 2008. L\u2019\u00e9dition de 2017 de la conf\u00e9rence sera accueillie pour la premi\u00e8re fois par l\u2019Association atlantique des centres d\u2019artistes autog\u00e9r\u00e9s.<\/p>\n<p>T\u00e9l\u00e9charger l&#8217;<a href=\"http:\/\/www.arca.art\/fr\/files\/ARCCO-Call-for-Submissions-Artists-at-the-Center-2015.pdf\" target=\"_blank\">appel \u00e0 propositions<\/a> (PDF)<\/p>\n<p>Information: Ellyn Walker, Charg\u00e9 de projet<br \/>\nCourriel: ellyn.at.arcco(at)gmail.com<br \/>\nPour information g\u00e9n\u00e9rale:<br \/>\ninfo.arccoconference(at)gmail.com<br \/>\nT\u00e9l\u00e9phone: 519-672-7898<\/p>\n","protected":false},"excerpt":{"rendered":"<p>L\u2019ARCA est fier d\u2019annoncer que le Artist-Run Centres &amp; Collectives of Ontario (ARCCO) accueillera la prochaine conf\u00e9rence nationale de centres d\u2019artistes autog\u00e9r\u00e9s intitul\u00e9e Les artistes au centre: de la marginalit\u00e9 \u00e0 l\u2019inclusion qui aura lieu \u00e0 l&#8217;universit\u00e9 Ryerson, \u00e0 Toronto, du 12 au 14 novembre 2015. L\u2019ARCCO invite tous ceux et celles pour qui la culture des centres d\u2019artistes autog\u00e9r\u00e9s est un enjeu \u00e0 soumettre une proposition en r\u00e9ponse \u00e0 l\u2019appel, ci-inclus, avant le 3 f\u00e9vrier 2015.<\/p>\n","protected":false},"author":2,"featured_media":0,"comment_status":"open","ping_status":"open","sticky":false,"template":"","format":"standard","meta":{"ngg_post_thumbnail":0,"footnotes":""},"categories":[23],"tags":[28,16],"class_list":["post-1381","post","type-post","status-publish","format-standard","hentry","category-nouvelles","tag-appels","tag-arcco"],"_links":{"self":[{"href":"http:\/\/www.arca.art\/fr\/wp-json\/wp\/v2\/posts\/1381","targetHints":{"allow":["GET"]}}],"collection":[{"href":"http:\/\/www.arca.art\/fr\/wp-json\/wp\/v2\/posts"}],"about":[{"href":"http:\/\/www.arca.art\/fr\/wp-json\/wp\/v2\/types\/post"}],"author":[{"embeddable":true,"href":"http:\/\/www.arca.art\/fr\/wp-json\/wp\/v2\/users\/2"}],"replies":[{"embeddable":true,"href":"http:\/\/www.arca.art\/fr\/wp-json\/wp\/v2\/comments?post=1381"}],"version-history":[{"count":4,"href":"http:\/\/www.arca.art\/fr\/wp-json\/wp\/v2\/posts\/1381\/revisions"}],"predecessor-version":[{"id":1709,"href":"http:\/\/www.arca.art\/fr\/wp-json\/wp\/v2\/posts\/1381\/revisions\/1709"}],"wp:attachment":[{"href":"http:\/\/www.arca.art\/fr\/wp-json\/wp\/v2\/media?parent=1381"}],"wp:term":[{"taxonomy":"category","embeddable":true,"href":"http:\/\/www.arca.art\/fr\/wp-json\/wp\/v2\/categories?post=1381"},{"taxonomy":"post_tag","embeddable":true,"href":"http:\/\/www.arca.art\/fr\/wp-json\/wp\/v2\/tags?post=1381"}],"curies":[{"name":"wp","href":"https:\/\/api.w.org\/{rel}","templated":true}]}}