{"id":3019,"date":"2020-05-15T12:21:48","date_gmt":"2020-05-15T12:21:48","guid":{"rendered":"http:\/\/www.arca.art\/en\/?p=3019"},"modified":"2020-05-21T21:38:08","modified_gmt":"2020-05-21T21:38:08","slug":"larca-in-the-loop-32","status":"publish","type":"post","link":"http:\/\/www.arca.art\/en\/featured\/larca-in-the-loop-32\/","title":{"rendered":"l&#8217;arca in the loop \u2014 #32"},"content":{"rendered":"<a href=\"http:\/\/www.arca.art\/en\/files\/Vignette-gabarit-32.png\"><img loading=\"lazy\" decoding=\"async\" class=\"size-medium wp-image-3021 alignleft\" src=\"http:\/\/www.arca.art\/en\/files\/Vignette-gabarit-32-300x150.png\" alt=\"\" width=\"300\" height=\"150\" srcset=\"http:\/\/www.arca.art\/en\/files\/Vignette-gabarit-32-300x150.png 300w, http:\/\/www.arca.art\/en\/files\/Vignette-gabarit-32-150x75.png 150w, http:\/\/www.arca.art\/en\/files\/Vignette-gabarit-32.png 320w\" sizes=\"auto, (max-width: 300px) 100vw, 300px\" \/><\/a>\n<p>May 15, 2020 \u2013 Anne Bertrand Bids Farewell to ARCA; Departure for Retirement of Bastien Gilbert, Director of RCAAQ; Taqralik Partridge named Nordic Lab Director; COVID-19 Impact Survey: Conclusions; Canada Emergency Wage Subsidy (CEWS); Mutual Support Network in the Arts; Digital Reconfigurations, by Isabelle L\u2019Heureux; Call For Proposals.<\/p>\n<p>&nbsp;<\/p>\n<p>&nbsp;<\/p>\n<p>&nbsp;<\/p>\n<p>&nbsp;<\/p>\n<p>&nbsp;<\/p>\n<h3>\u2014\u00e0 la UNE.\u2014<\/h3>\n<p>_____<\/p>\n<p>Anne Bertrand Bids Farewell to ARCA<\/p>\n<p>Montreal, May 14, 2020 \u2013 ARCA director Anne Bertrand will step down on July 31, 2020, after having served the organization since 2012.<\/p>\n<p>ARCA (the Artist-Run Centres and Collectives Conference) is dedicated to the consolidation of a pan-Canadian network of artist-run centres and collectives. Key among her many accomplishments in eight years as director, Bertrand successfully positioned ARCA\u2019s members with government partners such as the Canada Council for the Arts and the Department of Canadian Heritage. As a result of this work, ARCA members have seen an overall 60% increase in operational funding from the Canada Council.<\/p>\n<p>Anne Bertrand has also been very active in artistic networks such as the annual meetings of the National Arts Service Organizations (NASO), the Canadian Arts Coalition and, especially, the Visual Arts Alliance, a national coalition of a dozen visual arts, media arts, and contemporary craft service organizations. She was elected Alliance co-chair on several occasions, a marker of her colleagues\u2019 respect and an acknowledgment of her command of the unique challenges of working within the visual arts sector.<\/p>\n<p>In her work toward network consolidation, Bertrand made investments in strategic support for the development of national conferences, building capacity in regions that would not otherwise host such events. Building on the success of the Flotilla conference, which took place in Charlottetown in September 2017, ARCA\u2019s next conference, Lands to Travel Through, is to be hosted in Calgary in August 2021 (rescheduled from 2020 as a result of the COVID-19 pandemic). Bertrand\u2019s support has contributed greatly to the increased visibility of artist-run centres in these regions.<\/p>\n<p>Read the full press release <a href=\"http:\/\/www.arca.art\/en\/files\/ARCA-PR-Anne-Bids-Farewell-To-ARCA.pdf\">here<\/a>.<\/p>\n<p>&nbsp;<\/p>\n<a href=\"http:\/\/www.arca.art\/en\/files\/d9ea8aa2-5213-4f7e-bc05-b4540823abee.jpg\"><img loading=\"lazy\" decoding=\"async\" class=\"alignnone size-medium wp-image-3024\" src=\"http:\/\/www.arca.art\/en\/files\/d9ea8aa2-5213-4f7e-bc05-b4540823abee-300x298.jpg\" alt=\"\" width=\"300\" height=\"298\" srcset=\"http:\/\/www.arca.art\/en\/files\/d9ea8aa2-5213-4f7e-bc05-b4540823abee-300x298.jpg 300w, http:\/\/www.arca.art\/en\/files\/d9ea8aa2-5213-4f7e-bc05-b4540823abee-150x150.jpg 150w, http:\/\/www.arca.art\/en\/files\/d9ea8aa2-5213-4f7e-bc05-b4540823abee-768x762.jpg 768w, http:\/\/www.arca.art\/en\/files\/d9ea8aa2-5213-4f7e-bc05-b4540823abee-1024x1016.jpg 1024w, http:\/\/www.arca.art\/en\/files\/d9ea8aa2-5213-4f7e-bc05-b4540823abee.jpg 1200w\" sizes=\"auto, (max-width: 300px) 100vw, 300px\" \/><\/a>\n<p>Photo : Andrew Harder<\/p>\n<p>&nbsp;<\/p>\n<p>&nbsp;<\/p>\n<h3>\u2014News From The Membership.\u2014<\/h3>\n<p>_____<\/p>\n<p>Departure for Retirement of Bastien Gilbert, Director of RCAAQ<\/p>\n<p>Upon his departure for retirement, le Regroupement des centres d\u2019artistes autog\u00e9r\u00e9s du Qu\u00e9bec (RCAAQ) highlights the exceptional contribution of their long time director and ARCA founding member, Bastien Gilbert, to the visual arts sector.<\/p>\n<p>&gt; Read the press release <a href=\"https:\/\/mcusercontent.com\/ee429c8dc8474f7b8f40b62f4\/files\/2c9fd35e-4d58-4831-ae6d-c5a15652a081\/communique_rcaaq_bastien_gilbert_05_13_2020.pdf\">here<\/a>.<\/p>\n<p>&nbsp;<\/p>\n<p>_____<\/p>\n<p>Taqralik Partridge named Nordic Lab Director<\/p>\n<p>SAW is pleased to announce that Taqralik Partridge has been appointed SAW\u2019s Nordic Lab Director. She succeeds Joi T. Arcand, who served as the Nordic Lab\u2019s inaugural artist-in-residence and interim director.<\/p>\n<p>Taqralik Partridge is an Inuk artist, writer and curator. Originally from Kuujjuaq in Nunavik, she now splits her time between Canada and Kautokeino, Norway, in Northern S\u00e1pmi. Partridge\u2019s writing focuses on both life in the North and on the experiences of Inuit living in the South.<\/p>\n<p>&nbsp;<\/p>\n<h3>\u2014What\u2019s up in the Network.\u2014<\/h3>\n<p>_____<\/p>\n<p>COVID-19 Impact Survey: Conclusions<\/p>\n<p><em>Earned revenue comprises roughly 10% of our operating budget. Considering the breadth and the volume of services we offer, this figure was already too small. We give away more and more because our communities are subject to debt deflation: they need more from us and are less and less favorably positioned economically in order to pay for those needs. Most immediately, it&#8217;s clear that we will be short of our already conservative earnings targets for the year\u2026<\/em><\/p>\n<p>\u2013 Survey respondant<\/p>\n<p>&nbsp;<\/p>\n<p>A total of 74 organizations responded to the survey between March 26, 2020 and April 21, 2020. The average participation rate across ARCA\u2019s regions was 43.05%. The vast majority of respondents (87%) are organizations with recurring multi-year or annual operating (core) support from one or multiple levels of government.<\/p>\n<p>More than one third of respondents (39%) indicated anticipating financial impacts. The majority of respondents who noted financial impacts indicated anticipating losses in earned and fundraising revenue. Several respondents anticipated important losses in earned revenue as a result of a decline in rentals (including space, facilities, and equipment). A number of respondents also indicated having had to cancel or alter important fundraising events or campaigns as a result of the crisis. A few respondents also indicated having lost sponsorship revenue as a result of event cancellations, loss of sales revenue as a result of closures, and loss of Gaming revenue as a result of decreased use of gaming facilities (e.g. casinos).<\/p>\n<p>The information provided by respondents indicates that 55 organizations (74.32% of respondents) had already implemented, or were considering implementing, alternative delivery formats for programming and services. Of note, 49 organizations (66.22% of respondents) indicated having used, or were considering using, online tools\/formats to present programming, deliver services, and communicate with their membership and communities.<\/p>\n<p>On a more positive note, some respondents indicated that the crisis had provided them with the time to undertake projects to which they had not been able to devote resources, or to devote their time to research, reflection, and planning.<\/p>\n<p>&nbsp;<\/p>\n<p>&gt; Read conclusions <a href=\"http:\/\/www.arca.art\/en\/files\/COVID-19_Survey_Conclusions_e.pdf\">here<\/a>.<\/p>\n<p>&gt; Read full report <a href=\"http:\/\/www.arca.art\/en\/files\/COVID-19_Survey_Analysisgraphs_e.pdf\">here<\/a>.<\/p>\n<p>&nbsp;<\/p>\n<p>_____<\/p>\n<p>Canada Emergency Wage Subsidy (CEWS)<\/p>\n<p>As a Canadian employer with salaried staff, if you have incurred losses in revenue due to COVID-19, you may be eligible for a subsidy of 75% of employee wages for up to 12 weeks, retroactive from March 15, 2020, to June 6, 2020. &gt; More<\/p>\n<p>Artist-run centres who have applied for, and received this subsidy found the application process simpler than feared, and have already received funds by direct deposit via their CRA business accounts.<\/p>\n<p>&gt; <a href=\"https:\/\/www.canada.ca\/en\/revenue-agency\/services\/subsidy\/emergency-wage-subsidy\/cews-calculate-subsidy-amount.html\">Calculation tool<\/a><\/p>\n<p>&nbsp;<\/p>\n<p>_____<\/p>\n<p>Mutual Support Network in the Arts<\/p>\n<p>For cultural organizations, REMA is an immediate and voluntary response to help Canadian non-profit organizations to offer support during the crisis. If you want the help of a consultant for strategic planning, crisis management, financial analysis, media relations, HR, change management or any other subject, REMA is there for you. To register your organization, click on <a href=\"https:\/\/drive.google.com\/file\/d\/1_EO4MXzx7Ws_Z_42x8qbgrwzvoHkvB1v\/view\">ORGANIZATION<\/a>.<\/p>\n<p>&nbsp;<\/p>\n<a href=\"http:\/\/www.arca.art\/en\/files\/Myriam.png\"><img loading=\"lazy\" decoding=\"async\" class=\"alignnone size-medium wp-image-3025\" src=\"http:\/\/www.arca.art\/en\/files\/Myriam-298x300.png\" alt=\"\" width=\"298\" height=\"300\" srcset=\"http:\/\/www.arca.art\/en\/files\/Myriam-298x300.png 298w, http:\/\/www.arca.art\/en\/files\/Myriam-150x150.png 150w, http:\/\/www.arca.art\/en\/files\/Myriam.png 412w\" sizes=\"auto, (max-width: 298px) 100vw, 298px\" \/><\/a>\n<p>Still from a Gif created by <a href=\"https:\/\/myriamwares.com\">Myriam B. Wares<\/a> (<em>Le Scribe<\/em>, 2020).<\/p>\n<p>&nbsp;<\/p>\n<h3>\u2014Digital Literacy In Six Micro-bites.\u2014<\/h3>\n<p>_____<\/p>\n<p>Digital Reconfigurations, by Isabelle L\u2019Heureux<\/p>\n<p>&nbsp;<\/p>\n<p>Dissemination, mediation, and production<\/p>\n<p>The closure of nearly all public spaces in response to the COVID-19 pandemic and the enforcement of physical distancing measures have wreaked havoc on every aspect of society and, more specifically within our own context, on our modes of creating, disseminating, and experiencing art. Therefore, we\u2019d like to map out some approaches that artist-run centres may explore for reconfiguring their activities in response to this exceptional situation\u2026<\/p>\n<p>&gt; Read the brief <a href=\"http:\/\/www.arca.art\/en\/resources\/digital-reconfigurations\/\">here<\/a>.<\/p>\n<p>&nbsp;<\/p>\n<p>&nbsp;<\/p>\n<h3>\u2014Call For Proposals.\u2014<\/h3>\n<p>_____<\/p>\n<p>* Make sure to also pop in to our regularly updated Directory for the latest calls for submissions from artist-run centres.<\/p>\n<p>&nbsp;<\/p>\n<p>Call for nominations: Governor\u2019s Awards in Visual and Media Arts<\/p>\n<p>New deadline: June 30, 2020<\/p>\n<p>&nbsp;<\/p>\n<p>The Governor General&#8217;s Awards in Visual and Media Arts are granted to artists in recognition of remarkable careers in either of those fields.<\/p>\n<p>Up to 8 awards are given annually:<\/p>\n<ul>\n<li>up to 6 awards of $25,000<\/li>\n<li>1 award of $25,000<\/li>\n<li>1 award of $25,000<\/li>\n<\/ul>\n<p>&gt; <a href=\"https:\/\/canadacouncil.ca\/funding\/prizes\/governor-generals-awards-in-visual-and-media-arts?mc_cid=b56891ff23&amp;mc_eid=db0cc332f4\">Info<\/a><\/p>\n<p>&nbsp;<\/p>\n<p>_____<\/p>\n<p>Conceptual artist Joshua Schwebel is seeking a qualified candidate for a one-year non-renewable, part-time basis to assume responsibility for grant-writing and fundraising for Forest City Gallery artist-run centre in London, Ontario. The position is the initiative of the artist, made possible by a grant from the Canada Council for the Arts. The position is both a paid job opportunity working with Forest City Gallery, and the delegated enactment of a conceptual artwork. The successful candidate will work with the gallery director, fund-raising and finance committees, potential funders and sponsors, and the artist\u2019s community of London, Ontario to augment and secure funding for the Forest City Gallery artist-run centre.<\/p>\n<p>Deadline for Applications: May 29, 5pm EDT.<\/p>\n<p>More info on <a href=\"https:\/\/forestcitygallery.com\/\">Forest Gallery Website<\/a>.<\/p>\n<p>&nbsp;<\/p>\n<a href=\"http:\/\/www.arca.art\/en\/files\/obom.png\"><img loading=\"lazy\" decoding=\"async\" class=\"alignnone size-medium wp-image-3027\" src=\"http:\/\/www.arca.art\/en\/files\/obom-300x300.png\" alt=\"\" width=\"300\" height=\"300\" srcset=\"http:\/\/www.arca.art\/en\/files\/obom-300x300.png 300w, http:\/\/www.arca.art\/en\/files\/obom-150x150.png 150w, http:\/\/www.arca.art\/en\/files\/obom-768x769.png 768w, http:\/\/www.arca.art\/en\/files\/obom-1024x1024.png 1024w, http:\/\/www.arca.art\/en\/files\/obom.png 1074w\" sizes=\"auto, (max-width: 300px) 100vw, 300px\" \/><\/a>\n<p class=\"p1\"><span class=\"s1\">Still from a Gif created by <a href=\"http:\/\/dianeobomsawin.com\/Obom.html\">Obom<\/a> (<i>Le d\u00e9part<\/i>, 1919).<\/span><\/p>\n","protected":false},"excerpt":{"rendered":"<p><a href=\"http:\/\/www.arca.art\/en\/files\/Vignette-gabarit-32.png\"><\/a> May 15, 2020 \u2013 Anne Bertrand Bids Farewell to ARCA; Departure for Retirement of Bastien Gilbert, Director of RCAAQ; Taqralik Partridge named Nordic Lab Director; COVID-19 Impact Survey: Conclusions; Canada Emergency Wage Subsidy (CEWS); Mutual Support Network in the Arts; Digital Reconfigurations, by Isabelle L\u2019Heureux; Call For Proposals. &nbsp; &nbsp; &nbsp; &nbsp; &nbsp; \u2014\u00e0 la <a href=\"http:\/\/www.arca.art\/en\/featured\/larca-in-the-loop-32\/\" title=\"Read l&#8217;arca in the loop \u2014 #32\">&raquo;&raquo;<\/a><\/p>\n","protected":false},"author":2,"featured_media":3021,"comment_status":"open","ping_status":"open","sticky":false,"template":"","format":"standard","meta":{"ngg_post_thumbnail":0,"footnotes":""},"categories":[21,7,60],"tags":[61,29,24,62,34,41],"class_list":["post-3019","post","type-post","status-publish","format-standard","has-post-thumbnail","hentry","category-news","category-featured","category-whats-new","tag-awards","tag-calls","tag-canada-council-for-the-arts","tag-digital","tag-funding","tag-rcaaq"],"_links":{"self":[{"href":"http:\/\/www.arca.art\/en\/wp-json\/wp\/v2\/posts\/3019","targetHints":{"allow":["GET"]}}],"collection":[{"href":"http:\/\/www.arca.art\/en\/wp-json\/wp\/v2\/posts"}],"about":[{"href":"http:\/\/www.arca.art\/en\/wp-json\/wp\/v2\/types\/post"}],"author":[{"embeddable":true,"href":"http:\/\/www.arca.art\/en\/wp-json\/wp\/v2\/users\/2"}],"replies":[{"embeddable":true,"href":"http:\/\/www.arca.art\/en\/wp-json\/wp\/v2\/comments?post=3019"}],"version-history":[{"count":5,"href":"http:\/\/www.arca.art\/en\/wp-json\/wp\/v2\/posts\/3019\/revisions"}],"predecessor-version":[{"id":3028,"href":"http:\/\/www.arca.art\/en\/wp-json\/wp\/v2\/posts\/3019\/revisions\/3028"}],"wp:featuredmedia":[{"embeddable":true,"href":"http:\/\/www.arca.art\/en\/wp-json\/wp\/v2\/media\/3021"}],"wp:attachment":[{"href":"http:\/\/www.arca.art\/en\/wp-json\/wp\/v2\/media?parent=3019"}],"wp:term":[{"taxonomy":"category","embeddable":true,"href":"http:\/\/www.arca.art\/en\/wp-json\/wp\/v2\/categories?post=3019"},{"taxonomy":"post_tag","embeddable":true,"href":"http:\/\/www.arca.art\/en\/wp-json\/wp\/v2\/tags?post=3019"}],"curies":[{"name":"wp","href":"https:\/\/api.w.org\/{rel}","templated":true}]}}