{"id":2994,"date":"2020-04-23T18:55:50","date_gmt":"2020-04-23T18:55:50","guid":{"rendered":"http:\/\/www.arca.art\/en\/?p=2994"},"modified":"2020-04-23T18:57:40","modified_gmt":"2020-04-23T18:57:40","slug":"weekly-x-covid-19-04","status":"publish","type":"post","link":"http:\/\/www.arca.art\/en\/featured\/weekly-x-covid-19-04\/","title":{"rendered":"Weekly x COVID-19 \/04"},"content":{"rendered":"<p><strong>\u00a0<a href=\"http:\/\/www.arca.art\/en\/files\/Calinours.jpg\"><img loading=\"lazy\" decoding=\"async\" class=\"size-medium wp-image-2995 alignleft\" src=\"http:\/\/www.arca.art\/en\/files\/Calinours-300x178.jpg\" alt=\"\" width=\"300\" height=\"178\" srcset=\"http:\/\/www.arca.art\/en\/files\/Calinours.jpg 300w, http:\/\/www.arca.art\/en\/files\/Calinours-150x89.jpg 150w\" sizes=\"auto, (max-width: 300px) 100vw, 300px\" \/><\/a><\/strong><strong>WEEKLY\/COVID-19 \/04\u2013<\/strong>Initial Response: Impact Survey\u2013Preliminary results from the Impact survey circulated to artist-run centres. ARCA has received 74 responses to its survey of the COVID-19 impact on artist-run centres launched March 26, and covering the initial 30 days of self-distancing measures. Researcher Mariane Bourcheix-Laporte is in the process of analyzing results that will be shared in the next issue of our newsletter.<\/p>\n<p>&nbsp;<\/p>\n<p>&nbsp;<\/p>\n<p>&nbsp;<\/p>\n<p>&nbsp;<\/p>\n<p>&nbsp;<\/p>\n<h2><strong>WEEKLY \/ COVID-19 \/ HEBDO #04<\/strong><\/h2>\n<p>&nbsp;<\/p>\n<h3><strong>\u00c0 LA UNE<\/strong><\/h3>\n<p>Initial Response: Impact Survey\u2013Preliminary results from the Impact survey circulated to artist-run centres<\/p>\n<p>ARCA has received 74 responses to its survey of the COVID-19 impact on artist-run centres launched March 26, and covering the initial 30 days of self-distancing measures. Researcher Mariane Bourcheix-Laporte is in the process of analyzing results that will be shared in the next issue of our newsletter. Thank you to artist-run centres who took the time to respond!<\/p>\n<p>&nbsp;<\/p>\n<p><strong>_________<\/strong><\/p>\n<h3><strong>If your staff is working from home, you are eligible for the Temporary wage subsidy for employers: You do not need to apply for this subsidy!\u00a0<\/strong><\/h3>\n<p>This is a three-month subsidy that will allow eligible employers to reduce the amount of payroll deductions required to be remitted to the Canada Revenue Agency (CRA).<\/p>\n<p>If your publicly funded organization has the capacity to keep salaried staff working from home during the distancing and self-isolation period due to COVID-19, you are likely eligible for the 10% Temporary wage subsidy for employers equal to 10% of the remuneration you pay from March 18, 2020 to June 19, 2020 (up to a max. of $1,375 for each eligible employee). For example, if your employee earned $ 3000, you can deduct $300 from your next payroll remittance of federal, provincial, or territorial income tax that you send to the CRA by the amount of the subsidy, in this case, by $300.<\/p>\n<p>To receive it, you will continue deducting income tax, Canada Pension Plan (CPP) contributions, and Employment Insurance (EI) premiums from salary, wages, bonuses, or other remuneration paid to your employees, as you currently do. The subsidy is calculated when you remit your income tax deductions to the CRA.<\/p>\n<p><strong>Important<\/strong>\u2014You cannot reduce your remittance of CPP contributions or EI premiums. And, if you are not sure about figuring this out, the CRA will automatically apply the subsidy to your account when you produce your T4 summaries for 2020 next year.<\/p>\n<p>Anyway, it\u2019s really well detailed\u00a0<a href=\"https:\/\/www.canada.ca\/en\/revenue-agency\/campaigns\/covid-19-update\/frequently-asked-questions-wage-subsidy-small-businesses.html#h3\">here<\/a>.<\/p>\n<p>&nbsp;<\/p>\n<p><strong>_________<\/strong><\/p>\n<h3><strong>Lands to Travel Through\u00a0<\/strong><\/h3>\n<p>After careful consideration, the Alberta Association of Artist-run Centres (AAARC) and the Artist-run Centres and Collectives Conference (ARCA) have decided to postpone the Lands To Travel Through gathering until next year. We remain committed to honouring our agreements with artists, and supporting our community as best we can through this difficult time.<\/p>\n<p>&nbsp;<\/p>\n<p><strong>_________<\/strong><\/p>\n<h3><strong>Digital Originals: Micro Innovation Grants<\/strong><\/h3>\n<p>Another recent federal initiative: \u201cDigital Originals,\u201d\u00a0a new temporary funding initiative intended to help artists, groups and cultural organizations to present their works online during the pandemic. Application details to follow in late April; Applications will only be accepted through the Canada Council portal beginning in mid-May. &gt;\u00a0<a href=\"https:\/\/canadacouncil.ca\/initiatives\/digital-originals\">More info<\/a><\/p>\n<p>&nbsp;<\/p>\n<p><strong>_________<\/strong><\/p>\n<h3><strong>Canada Emergency Wage Subsidy (CEWS)\u00a0<\/strong><\/h3>\n<p>If your organization\u2019s revenues have been affected by COVID-19, you may be eligible for a subsidy of 75% of employee wages for up to 12 weeks, retroactive from March 15, 2020, to June 6, 2020. This wage subsidy is intended to re-hire workers previously laid off as a result of COVID-19, help prevent further job losses, and better position you to resume normal operations following the crisis.<\/p>\n<p>Beginning Monday April 27, applications will be open for the\u00a0<a href=\"https:\/\/www.canada.ca\/en\/revenue-agency\/services\/subsidy\/emergency-wage-subsidy.html\">Canada Emergency Wage Subsidy<\/a>.\u00a0If you don\u2019t have a CRA business account,\u00a0<a href=\"https:\/\/www.canada.ca\/en\/revenue-agency\/services\/e-services\/e-services-businesses\/business-account.html\">register here<\/a>.<\/p>\n<p>&nbsp;<\/p>\n<p><strong>_________<\/strong><\/p>\n<h3><strong>Calls For Proposals\u00a0<\/strong><\/h3>\n<p><strong>Residencies\u00a0<\/strong><br \/>\nCall for applications \u2013\u00a0Residency program of the European Commission co-funded project &#8220;Beyond Matter&#8221;<br \/>\nDeadline\/Tomb\u00e9e: April 30, 2020<br \/>\n&gt;\u00a0<a href=\"http:\/\/beyondmatter.eu\/open-call.html\">Info<\/a><\/p>\n<p>Appel \u00e0 projets : R\u00e9sidence de cr\u00e9ation | Mission photographique en Outaouais<br \/>\nDeadline\/Tomb\u00e9e: 15 mai 2020 \u00e0 23 h 59 (HAE)<br \/>\n&gt;\u00a0<a href=\"http:\/\/www.photogaspesie.ca\/appel-a-projets-residence-de-creation-mission-photographique-en-outaouais\/?fbclid=IwAR2uTOhvyXwBWIGFk9bCjgcYj8tFYJi6zBReDJtXVDwlo6nCrcfA5LkbmFo\">Info<\/a><\/p>\n<p>Call to artists \u2013 Fellowship Program |\u00a0 Living Arts Centre<br \/>\nDeadline\/Tomb\u00e9e: 7 mai 2020 \u00e0 17h<br \/>\n&gt;\u00a0<a href=\"https:\/\/www.livingartscentre.ca\/gallery\/resident-artist-program\/fellowship-program\">Info<\/a><\/p>\n<p><strong>Call for Exhibitions\u00a0<\/strong><br \/>\nAppel de dossiers d\u2019artistes du Canada &#8211; MOMENTA | Biennale de l\u2019image<br \/>\nDeadline\/Tomb\u00e9e: 24 mai 2020 \u00e0 23h59<br \/>\n&gt;\u00a0<a href=\"https:\/\/www.momentabiennale.com\/\">Info<\/a><\/p>\n<p>Call for Artists and Curators \u2013\u00a0BIENALSUR<br \/>\nDeadline\/Tomb\u00e9e: 30 avril 2020<br \/>\n&gt;\u00a0<a href=\"https:\/\/bienalsur.org\/en\/page\/convocatoria\">Info<\/a><\/p>\n<p>Call for applications \u2013\u00a0PaFoSa<br \/>\nDeadline\/Tomb\u00e9e: 31 mai 2020 \u00e0 23h59<br \/>\n&gt;\u00a0<a href=\"https:\/\/www.tarsgallery.com\/pafosa?mc_cid=0a138bfa2b&amp;mc_eid=a525e536cc\">Info<\/a><\/p>\n<p>Appel \u00e0 projets \u2013\u00a0Galerie ELEKTRA<br \/>\nDeadline\/Tomb\u00e9e: 1er juin 2020<br \/>\n&gt;\u00a0<a href=\"https:\/\/www.elektramontreal.ca\/call-for-projects\">Info<\/a><\/p>\n<p>Appel aux\u00a0artistes \u2013\u00a0Ville de Gatineau<br \/>\nDeadline\/Tomb\u00e9e: 27 avril 2020 \u00e0 minuit<br \/>\n&gt;\u00a0<a href=\"https:\/\/www.facebook.com\/events\/art-image-et-espace-odyss%C3%A9e\/appel-aux-artistes-art-image\/197136211737250\/\">Info<\/a><\/p>\n<p><strong>Public Art\u00a0<\/strong><br \/>\nProgramme d\u2019achats directs \u2013\u00a0Ville d\u2019Ottawa<br \/>\nDeadline\/Tomb\u00e9e: 29 avril 2020 \u00e0 midi (HAE)<br \/>\n&gt;\u00a0<a href=\"https:\/\/ottawaartscouncil.ca\/fr\/dans-la-communaut%C3%A9\/opportunit%C3%A9s\/programme-dachats-directs-ville-dottawa\">Info<\/a><\/p>\n<p>Request for proposals \u2013\u00a0Permanent Public Art Memorial to Joshua Glover<br \/>\nDeadline\/Tomb\u00e9e: 30 avril \u00e0 16h<br \/>\n&gt;\u00a0<a href=\"https:\/\/www.toronto.ca\/explore-enjoy\/history-art-culture\/public-art\/public-art-monuments-collection\/public-art-competitions\/\">Info<\/a><\/p>\n<p>Call for artists \u2013 City Hall Public Art Project<br \/>\nDeadline\/Tomb\u00e9e: 30 avril 2020 \u00e0 17h (HNA)<br \/>\n&gt;\u00a0<a href=\"https:\/\/www.glenhyrst.ca\/call-for-artists-city-hall-public-art-project\/\">Info<\/a><\/p>\n<p><strong>Calls for papers\u00a0<\/strong><br \/>\nAppel de propositions \u2013\u00a0Vie des Arts | num\u00e9ro 261<br \/>\nDeadline\/Tomb\u00e9e: 28 juin 2020<br \/>\n&gt;\u00a0<a href=\"https:\/\/www.facebook.com\/notes\/vie-des-arts\/appel-de-propositionscall-for-submissions-261\/10157246717597987\/\">Info<\/a><\/p>\n<p>Appel de textes \u2013\u00a0Esse | No 101 : Dossier Nouveaux mat\u00e9rialismes<br \/>\nDeadline\/Tomb\u00e9e: 1er septembre 2020<br \/>\n&gt;\u00a0<a href=\"https:\/\/esse.ca\/fr\/appeltextesfr\">Info<\/a><\/p>\n<p><strong>Other\u00a0<\/strong><br \/>\nCall for submissions \u2013\u00a02020 Burtynsky Grant<br \/>\nDeadline\/Tomb\u00e9e: 20 mai 2020<br \/>\n&gt;\u00a0<a href=\"https:\/\/scotiabankcontactphoto.com\/submissions\/\">Info<\/a><\/p>\n<p>&nbsp;<\/p>\n","protected":false},"excerpt":{"rendered":"<p>\u00a0 <a href=\"http:\/\/www.arca.art\/en\/files\/Calinours.jpg\"><\/a> WEEKLY\/COVID-19 \/04\u2013Initial Response: Impact Survey\u2013Preliminary results from the Impact survey circulated to artist-run centres. ARCA has received 74 responses to its survey of the COVID-19 impact on artist-run centres launched March 26, and covering the initial 30 days of self-distancing measures. Researcher Mariane Bourcheix-Laporte is in the process of analyzing results that will be <a href=\"http:\/\/www.arca.art\/en\/featured\/weekly-x-covid-19-04\/\" title=\"Read Weekly x COVID-19 \/04\">&raquo;&raquo;<\/a><\/p>\n","protected":false},"author":2,"featured_media":2995,"comment_status":"open","ping_status":"open","sticky":false,"template":"","format":"standard","meta":{"ngg_post_thumbnail":0,"footnotes":""},"categories":[21,7,60],"tags":[37,29,24,94,34,50],"class_list":["post-2994","post","type-post","status-publish","format-standard","has-post-thumbnail","hentry","category-news","category-featured","category-whats-new","tag-aaarc","tag-calls","tag-canada-council-for-the-arts","tag-covid19","tag-funding","tag-residencies"],"_links":{"self":[{"href":"http:\/\/www.arca.art\/en\/wp-json\/wp\/v2\/posts\/2994","targetHints":{"allow":["GET"]}}],"collection":[{"href":"http:\/\/www.arca.art\/en\/wp-json\/wp\/v2\/posts"}],"about":[{"href":"http:\/\/www.arca.art\/en\/wp-json\/wp\/v2\/types\/post"}],"author":[{"embeddable":true,"href":"http:\/\/www.arca.art\/en\/wp-json\/wp\/v2\/users\/2"}],"replies":[{"embeddable":true,"href":"http:\/\/www.arca.art\/en\/wp-json\/wp\/v2\/comments?post=2994"}],"version-history":[{"count":6,"href":"http:\/\/www.arca.art\/en\/wp-json\/wp\/v2\/posts\/2994\/revisions"}],"predecessor-version":[{"id":3001,"href":"http:\/\/www.arca.art\/en\/wp-json\/wp\/v2\/posts\/2994\/revisions\/3001"}],"wp:featuredmedia":[{"embeddable":true,"href":"http:\/\/www.arca.art\/en\/wp-json\/wp\/v2\/media\/2995"}],"wp:attachment":[{"href":"http:\/\/www.arca.art\/en\/wp-json\/wp\/v2\/media?parent=2994"}],"wp:term":[{"taxonomy":"category","embeddable":true,"href":"http:\/\/www.arca.art\/en\/wp-json\/wp\/v2\/categories?post=2994"},{"taxonomy":"post_tag","embeddable":true,"href":"http:\/\/www.arca.art\/en\/wp-json\/wp\/v2\/tags?post=2994"}],"curies":[{"name":"wp","href":"https:\/\/api.w.org\/{rel}","templated":true}]}}